{"id":30288,"date":"2026-02-25T10:28:46","date_gmt":"2026-02-25T09:28:46","guid":{"rendered":"https:\/\/www.jalios.com\/fr\/?p=30288"},"modified":"2026-02-26T15:41:40","modified_gmt":"2026-02-26T14:41:40","slug":"jalios-au-gitex-africa-2026-ia-et-souverainete-numerique-au-service-de-la-transformation-digitale-africaine","status":"publish","type":"post","link":"https:\/\/www.jalios.com\/fr\/events\/jalios-au-gitex-africa-2026-ia-et-souverainete-numerique-au-service-de-la-transformation-digitale-africaine\/","title":{"rendered":"Jalios au GITEX Africa 2026 : IA et souverainet\u00e9 num\u00e9rique au service de la transformation digitale africaine"},"content":{"rendered":"\t\t<div data-elementor-type=\"wp-post\" data-elementor-id=\"30288\" class=\"elementor elementor-30288\" data-elementor-post-type=\"post\">\n\t\t\t\t<div class=\"elementor-element elementor-element-69dda1c e-flex e-con-boxed e-con e-parent\" data-id=\"69dda1c\" data-element_type=\"container\" data-e-type=\"container\">\n\t\t\t\t\t<div class=\"e-con-inner\">\n\t\t\t\t<div class=\"elementor-element elementor-element-6a8bfd4d elementor-widget elementor-widget-image\" data-id=\"6a8bfd4d\" data-element_type=\"widget\" data-e-type=\"widget\" data-widget_type=\"image.default\">\n\t\t\t\t<div class=\"elementor-widget-container\">\n\t\t\t\t\t\t\t\t\t\t\t\t\t\t\t<img fetchpriority=\"high\" decoding=\"async\" width=\"650\" height=\"100\" src=\"https:\/\/www.jalios.com\/fr\/wp-content\/uploads\/2026\/02\/gitex-.png\" class=\"attachment-large size-large wp-image-30329\" alt=\"\" srcset=\"https:\/\/www.jalios.com\/fr\/wp-content\/uploads\/2026\/02\/gitex-.png 650w, https:\/\/www.jalios.com\/fr\/wp-content\/uploads\/2026\/02\/gitex--300x46.png 300w\" sizes=\"(max-width: 650px) 100vw, 650px\">\t\t\t\t\t\t\t\t\t\t\t\t\t\t\t<\/div>\n\t\t\t\t<\/div>\n\t\t\t\t<div class=\"elementor-element elementor-element-542b9a4f elementor-widget elementor-widget-text-editor\" data-id=\"542b9a4f\" data-element_type=\"widget\" data-e-type=\"widget\" data-widget_type=\"text-editor.default\">\n\t\t\t\t<div class=\"elementor-widget-container\">\n\t\t\t\t\t\t\t\t\t<p>Jalios sera pr\u00e9sent au <strong>GITEX Africa du 7 au 9 avril 2026 \u00e0 Marrakech<\/strong>, le plus grand salon tech et startup en Afrique. Cet \u00e9v\u00e9nement incontournable r\u00e9unit les <strong>acteurs majeurs de la transformation num\u00e9rique du continent africain<\/strong> pour partager les derni\u00e8res avanc\u00e9es en mati\u00e8re d&rsquo;intelligence artificielle, de cybers\u00e9curit\u00e9 et de digitalisation.<\/p><p>Durant trois jours, le GITEX Africa connectera leaders de la technologie, gouvernements, PME, startups, investisseurs et universit\u00e9s autour d&rsquo;une vision commune : construire une \u00e9conomie num\u00e9rique durable, inclusive et souveraine pour l&rsquo;Afrique.<\/p>\t\t\t\t\t\t\t\t<\/div>\n\t\t\t\t<\/div>\n\t\t\t\t<div class=\"elementor-element elementor-element-7c79a14e elementor-widget elementor-widget-heading\" data-id=\"7c79a14e\" data-element_type=\"widget\" data-e-type=\"widget\" data-widget_type=\"heading.default\">\n\t\t\t\t<div class=\"elementor-widget-container\">\n\t\t\t\t\t<h2 class=\"elementor-heading-title elementor-size-default\">Un \u00e9v\u00e9nement cl\u00e9 pour l'avenir num\u00e9rique de l'Afrique, avec les solutions IA et souverainet\u00e9 Jalios<\/h2>\t\t\t\t<\/div>\n\t\t\t\t<\/div>\n\t\t\t\t<div class=\"elementor-element elementor-element-783ffdcd elementor-widget elementor-widget-text-editor\" data-id=\"783ffdcd\" data-element_type=\"widget\" data-e-type=\"widget\" data-widget_type=\"text-editor.default\">\n\t\t\t\t<div class=\"elementor-widget-container\">\n\t\t\t\t\t\t\t\t\t<p><strong>Retrouvez nous sur le stand 9A-6<\/strong> pour \u00e9changer avec nos \u00e9quipes sur les enjeux de votre transformation num\u00e9rique et d\u00e9couvrir comment Jalios accompagne les organisations africaines dans leur digitalisation.<\/p><p>L&rsquo;Afrique a un potentiel consid\u00e9rable pour l&rsquo;adoption des technologies collaboratives et de l&rsquo;intelligence artificielle. Notre<strong> <a href=\"https:\/\/www.jalios.com\/fr\/produits\/workplace\/\">Digital Workplace<\/a><\/strong> centralise vos outils et processus, de <a href=\"https:\/\/www.jalios.com\/fr\/produits\/intranet\/\"><strong>l&rsquo;Intranet collaboratif<\/strong><\/a> \u00e0 la <strong><a href=\"https:\/\/www.jalios.com\/fr\/solutions\/cas-d-usage\/gestion-documentaire\/\">gestion avanc\u00e9e des documents<\/a>,<\/strong> facilitant ainsi la communication et le travail \u00e0 distance des \u00e9quipes. L&rsquo;int\u00e9gration de <a href=\"https:\/\/www.jalios.com\/fr\/produits\/ia\/\"><strong>Jalios Intelligence<\/strong><\/a> enrichit cet environnement en automatisant les processus r\u00e9p\u00e9titifs et en optimisant la gestion des connaissances, permettant aux organisations de gagner en efficacit\u00e9 et de se concentrer sur leur c\u0153ur de m\u00e9tier.<\/p><p>Dans un contexte o\u00f9 la s\u00e9curit\u00e9 et l&rsquo;ind\u00e9pendance technologique sont devenues strat\u00e9giques, <strong><a href=\"https:\/\/www.jalios.com\/fr\/produits\/open-suite\/\">Jalios Open Suite<\/a> <\/strong>r\u00e9pond aux exigences de souverainet\u00e9 num\u00e9rique des institutions et entreprises. Cette solution garantit un contr\u00f4le total sur les donn\u00e9es et l&rsquo;infrastructure, un imp\u00e9ratif pour les organisations qui g\u00e8rent des informations sensibles.<\/p><p>Ces innovations num\u00e9riques sont des leviers essentiels pour acc\u00e9l\u00e9rer le d\u00e9veloppement \u00e9conomique du continent et cr\u00e9er des \u00e9cosyst\u00e8mes collaboratifs performants.<\/p><p>Jalios accompagne d\u00e9j\u00e0 plusieurs acteurs majeurs du march\u00e9 africain, des structures publics et priv\u00e9s tels que le Minist\u00e8re de l&rsquo;\u00c9conomie et des Finances du Maroc, le Minist\u00e8re de la D\u00e9fense Nationale du B\u00e9nin, la Banque Centrale de Mauritanie et la Banque Centrale des \u00c9tats de l&rsquo;Afrique de l&rsquo;Ouest.<\/p><p><strong>Retrouvez Jalios sur le stand 9A-6 \u00a0! <\/strong><\/p>\t\t\t\t\t\t\t\t<\/div>\n\t\t\t\t<\/div>\n\t\t\t\t<div class=\"elementor-element elementor-element-1624c295 elementor-align-center elementor-widget elementor-widget-button\" data-id=\"1624c295\" data-element_type=\"widget\" data-e-type=\"widget\" data-widget_type=\"button.default\">\n\t\t\t\t<div class=\"elementor-widget-container\">\n\t\t\t\t\t\t\t\t\t<div class=\"elementor-button-wrapper\">\n\t\t\t\t\t<a class=\"elementor-button elementor-button-link elementor-size-sm\" href=\"https:\/\/meetings-eu1.hubspot.com\/sylvain-cadiot?utm_campaign=WP+-+JCOM&#038;utm_source=Menu&#038;utm_medium=Demo&#038;uuid=e1f7c628-7ceb-4b57-8f2e-c0dbbf799564\" target=\"_blank\" rel=\"noopener\">\n\t\t\t\t\t\t<span class=\"elementor-button-content-wrapper\">\n\t\t\t\t\t\t\t\t\t<span class=\"elementor-button-text\">Je souhaite une d\u00e9mo<\/span>\n\t\t\t\t\t<\/span>\n\t\t\t\t\t<\/a>\n\t\t\t\t<\/div>\n\t\t\t\t\t\t\t\t<\/div>\n\t\t\t\t<\/div>\n\t\t\t\t<div class=\"elementor-element elementor-element-375b74af elementor-widget elementor-widget-heading\" data-id=\"375b74af\" data-element_type=\"widget\" data-e-type=\"widget\" data-widget_type=\"heading.default\">\n\t\t\t\t<div class=\"elementor-widget-container\">\n\t\t\t\t\t<h2 class=\"elementor-heading-title elementor-size-default\">Informations pratiques<\/h2>\t\t\t\t<\/div>\n\t\t\t\t<\/div>\n\t\t\t\t<div class=\"elementor-element elementor-element-4becc209 elementor-widget elementor-widget-text-editor\" data-id=\"4becc209\" data-element_type=\"widget\" data-e-type=\"widget\" data-widget_type=\"text-editor.default\">\n\t\t\t\t<div class=\"elementor-widget-container\">\n\t\t\t\t\t\t\t\t\t<p><strong>Dates et horaires<\/strong>\u00a0:<\/p><ul><li style=\"list-style-type: none;\"><ul><li>7 au 9 avril 2026<\/li><li><strong>Lieu\u00a0<\/strong>: Palais des Congr\u00e8s \u2013 Centre des Expositions Marrakech, Maroc<\/li><li><strong>Stand 9A-6<\/strong><\/li><\/ul><\/li><\/ul>\t\t\t\t\t\t\t\t<\/div>\n\t\t\t\t<\/div>\n\t\t\t\t<div class=\"elementor-element elementor-element-3862d51a elementor-widget elementor-widget-google_maps\" data-id=\"3862d51a\" data-element_type=\"widget\" data-e-type=\"widget\" data-widget_type=\"google_maps.default\">\n\t\t\t\t<div class=\"elementor-widget-container\">\n\t\t\t\t\t\t\t<div class=\"elementor-custom-embed\">\n\t\t\t<iframe loading=\"lazy\"\n\t\t\t\t\tsrc=\"https:\/\/maps.google.com\/maps?q=Palais%20des%20Congr%C3%A8s%20%E2%80%93%20Centre%20des%20Expositions%20Marrakech%2C%20Maroc&#038;t=m&#038;z=10&#038;output=embed&#038;iwloc=near\"\n\t\t\t\t\ttitle=\"Palais des Congr\u00e8s \u2013 Centre des Expositions Marrakech, Maroc\"\n\t\t\t\t\taria-label=\"Palais des Congr\u00e8s \u2013 Centre des Expositions Marrakech, Maroc\"\n\t\t\t><\/iframe>\n\t\t<\/div>\n\t\t\t\t\t\t<\/div>\n\t\t\t\t<\/div>\n\t\t\t\t\t<\/div>\n\t\t\t\t<\/div>\n\t\t\t\t<\/div>\n\t\t","protected":false},"excerpt":{"rendered":"<p>7 &#038; 8 avril 2026<\/p>\n","protected":false},"author":9,"featured_media":30309,"comment_status":"closed","ping_status":"open","sticky":false,"template":"","format":"standard","meta":{"_acf_changed":false,"content-type":"","site-sidebar-layout":"default","site-content-layout":"","ast-site-content-layout":"default","site-content-style":"default","site-sidebar-style":"default","ast-global-header-display":"","ast-banner-title-visibility":"","ast-main-header-display":"","ast-hfb-above-header-display":"","ast-hfb-below-header-display":"","ast-hfb-mobile-header-display":"","site-post-title":"","ast-breadcrumbs-content":"","ast-featured-img":"","footer-sml-layout":"","ast-disable-related-posts":"","theme-transparent-header-meta":"","adv-header-id-meta":"","stick-header-meta":"","header-above-stick-meta":"","header-main-stick-meta":"","header-below-stick-meta":"","astra-migrate-meta-layouts":"set","ast-page-background-enabled":"default","ast-page-background-meta":{"desktop":{"background-color":"var(--ast-global-color-4)","background-image":"","background-repeat":"repeat","background-position":"center center","background-size":"auto","background-attachment":"scroll","background-type":"","background-media":"","overlay-type":"","overlay-color":"","overlay-opacity":"","overlay-gradient":""},"tablet":{"background-color":"","background-image":"","background-repeat":"repeat","background-position":"center center","background-size":"auto","background-attachment":"scroll","background-type":"","background-media":"","overlay-type":"","overlay-color":"","overlay-opacity":"","overlay-gradient":""},"mobile":{"background-color":"","background-image":"","background-repeat":"repeat","background-position":"center center","background-size":"auto","background-attachment":"scroll","background-type":"","background-media":"","overlay-type":"","overlay-color":"","overlay-opacity":"","overlay-gradient":""}},"ast-content-background-meta":{"desktop":{"background-color":"var(--ast-global-color-5)","background-image":"","background-repeat":"repeat","background-position":"center center","background-size":"auto","background-attachment":"scroll","background-type":"","background-media":"","overlay-type":"","overlay-color":"","overlay-opacity":"","overlay-gradient":""},"tablet":{"background-color":"var(--ast-global-color-5)","background-image":"","background-repeat":"repeat","background-position":"center center","background-size":"auto","background-attachment":"scroll","background-type":"","background-media":"","overlay-type":"","overlay-color":"","overlay-opacity":"","overlay-gradient":""},"mobile":{"background-color":"var(--ast-global-color-5)","background-image":"","background-repeat":"repeat","background-position":"center center","background-size":"auto","background-attachment":"scroll","background-type":"","background-media":"","overlay-type":"","overlay-color":"","overlay-opacity":"","overlay-gradient":""}},"footnotes":""},"categories":[61,62],"tags":[129],"class_list":["post-30288","post","type-post","status-publish","format-standard","has-post-thumbnail","hentry","category-events","category-next-events","tag-afrique"],"acf":[],"_links":{"self":[{"href":"https:\/\/www.jalios.com\/fr\/wp-json\/wp\/v2\/posts\/30288","targetHints":{"allow":["GET"]}}],"collection":[{"href":"https:\/\/www.jalios.com\/fr\/wp-json\/wp\/v2\/posts"}],"about":[{"href":"https:\/\/www.jalios.com\/fr\/wp-json\/wp\/v2\/types\/post"}],"author":[{"embeddable":true,"href":"https:\/\/www.jalios.com\/fr\/wp-json\/wp\/v2\/users\/9"}],"replies":[{"embeddable":true,"href":"https:\/\/www.jalios.com\/fr\/wp-json\/wp\/v2\/comments?post=30288"}],"version-history":[{"count":11,"href":"https:\/\/www.jalios.com\/fr\/wp-json\/wp\/v2\/posts\/30288\/revisions"}],"predecessor-version":[{"id":30950,"href":"https:\/\/www.jalios.com\/fr\/wp-json\/wp\/v2\/posts\/30288\/revisions\/30950"}],"wp:featuredmedia":[{"embeddable":true,"href":"https:\/\/www.jalios.com\/fr\/wp-json\/wp\/v2\/media\/30309"}],"wp:attachment":[{"href":"https:\/\/www.jalios.com\/fr\/wp-json\/wp\/v2\/media?parent=30288"}],"wp:term":[{"taxonomy":"category","embeddable":true,"href":"https:\/\/www.jalios.com\/fr\/wp-json\/wp\/v2\/categories?post=30288"},{"taxonomy":"post_tag","embeddable":true,"href":"https:\/\/www.jalios.com\/fr\/wp-json\/wp\/v2\/tags?post=30288"}],"curies":[{"name":"wp","href":"https:\/\/api.w.org\/{rel}","templated":true}]}}