{"id":27358,"date":"2025-10-01T17:16:54","date_gmt":"2025-10-01T15:16:54","guid":{"rendered":"https:\/\/www.jalios.com\/fr\/?p=27358"},"modified":"2025-11-20T11:40:09","modified_gmt":"2025-11-20T10:40:09","slug":"jalios-au-greentech-forum-2025-pour-un-numerique-collaboratif-et-responsable","status":"publish","type":"post","link":"https:\/\/www.jalios.com\/fr\/events\/jalios-au-greentech-forum-2025-pour-un-numerique-collaboratif-et-responsable\/","title":{"rendered":"Jalios au GreenTech Forum 2025 : pour un num\u00e9rique collaboratif et responsable"},"content":{"rendered":"\t\t<div data-elementor-type=\"wp-post\" data-elementor-id=\"27358\" class=\"elementor elementor-27358\" data-elementor-post-type=\"post\">\n\t\t\t\t<div class=\"elementor-element elementor-element-426b4bb6 e-flex e-con-boxed e-con e-parent\" data-id=\"426b4bb6\" data-element_type=\"container\" data-e-type=\"container\">\n\t\t\t\t\t<div class=\"e-con-inner\">\n\t\t\t\t<div class=\"elementor-element elementor-element-551c1843 elementor-widget elementor-widget-image\" data-id=\"551c1843\" data-element_type=\"widget\" data-e-type=\"widget\" data-widget_type=\"image.default\">\n\t\t\t\t<div class=\"elementor-widget-container\">\n\t\t\t\t\t\t\t\t\t\t\t\t\t\t\t<img fetchpriority=\"high\" decoding=\"async\" width=\"650\" height=\"100\" src=\"https:\/\/www.jalios.com\/fr\/wp-content\/uploads\/2025\/10\/Green-tech-2025-1.png\" class=\"attachment-large size-large wp-image-27361\" alt=\"\" srcset=\"https:\/\/www.jalios.com\/fr\/wp-content\/uploads\/2025\/10\/Green-tech-2025-1.png 650w, https:\/\/www.jalios.com\/fr\/wp-content\/uploads\/2025\/10\/Green-tech-2025-1-300x46.png 300w\" sizes=\"(max-width: 650px) 100vw, 650px\">\t\t\t\t\t\t\t\t\t\t\t\t\t\t\t<\/div>\n\t\t\t\t<\/div>\n\t\t\t\t<div class=\"elementor-element elementor-element-461eff21 elementor-widget elementor-widget-text-editor\" data-id=\"461eff21\" data-element_type=\"widget\" data-e-type=\"widget\" data-widget_type=\"text-editor.default\">\n\t\t\t\t<div class=\"elementor-widget-container\">\n\t\t\t\t\t\t\t\t\t<p>Les <strong>4 et 5 novembre 2025<\/strong>, Jalios sera pr\u00e9sent au <a href=\"https:\/\/www.greentech-forum.com\/levenement\/a-propos\" target=\"_blank\" rel=\"noopener\"><strong>GreenTech Forum<\/strong><\/a> au Palais des Congr\u00e8s de Paris, le grand rendez-vous professionnel d\u00e9di\u00e9 au <strong>num\u00e9rique responsable<\/strong>.<br \/><br \/><\/p>\t\t\t\t\t\t\t\t<\/div>\n\t\t\t\t<\/div>\n\t\t\t\t<div class=\"elementor-element elementor-element-61070427 elementor-widget elementor-widget-heading\" data-id=\"61070427\" data-element_type=\"widget\" data-e-type=\"widget\" data-widget_type=\"heading.default\">\n\t\t\t\t<div class=\"elementor-widget-container\">\n\t\t\t\t\t<h2 class=\"elementor-heading-title elementor-size-default\">Pourquoi Jalios sera pr\u00e9sent<\/h2>\t\t\t\t<\/div>\n\t\t\t\t<\/div>\n\t\t\t\t<div class=\"elementor-element elementor-element-53a092dc elementor-widget elementor-widget-text-editor\" data-id=\"53a092dc\" data-element_type=\"widget\" data-e-type=\"widget\" data-widget_type=\"text-editor.default\">\n\t\t\t\t<div class=\"elementor-widget-container\">\n\t\t\t\t\t\t\t\t\t<p><strong>Le GreenTech Forum r\u00e9unit plus de 2 500 participants<\/strong> issus des secteurs publics et priv\u00e9s : DSI, responsables RSE, directions innovation, achats ou communication. Tous partagent un m\u00eame objectif : <strong>r\u00e9duire l\u2019empreinte environnementale du num\u00e9rique, r\u00e9pondre aux nouveaux enjeux r\u00e9glementaires et d\u00e9ployer des solutions plus \u00e9thiques et inclusives.<\/strong><\/p><p>Dans ce contexte, Jalios se distingue avec sa <strong>solution souveraine et \u00e9co-responsable<\/strong>, Jalios Open Suite con\u00e7ue pour :<\/p><ul><li>limiter la multiplication des outils gr\u00e2ce \u00e0 une plateforme int\u00e9gr\u00e9e,<\/li><li>favoriser des usages num\u00e9riques sobres et durables,<\/li><li>offrir aux organisations une ma\u00eetrise compl\u00e8te de leurs donn\u00e9es, dans une logique de souverainet\u00e9 et de performance.<\/li><\/ul><p>Participer au GreenTech Forum, c\u2019est pour Jalios affirmer qu\u2019innovation, collaboration et impact positif peuvent aller de pair.<\/p>\t\t\t\t\t\t\t\t<\/div>\n\t\t\t\t<\/div>\n\t\t\t\t<div class=\"elementor-element elementor-element-4cf9311e elementor-align-center elementor-widget elementor-widget-button\" data-id=\"4cf9311e\" data-element_type=\"widget\" data-e-type=\"widget\" data-widget_type=\"button.default\">\n\t\t\t\t<div class=\"elementor-widget-container\">\n\t\t\t\t\t\t\t\t\t<div class=\"elementor-button-wrapper\">\n\t\t\t\t\t<a class=\"elementor-button elementor-button-link elementor-size-sm\" href=\"https:\/\/www.jalios.com\/fr\/produits\/open-suite\/\">\n\t\t\t\t\t\t<span class=\"elementor-button-content-wrapper\">\n\t\t\t\t\t\t\t\t\t<span class=\"elementor-button-text\">D\u00e9couvrir Jalios Open Suite<\/span>\n\t\t\t\t\t<\/span>\n\t\t\t\t\t<\/a>\n\t\t\t\t<\/div>\n\t\t\t\t\t\t\t\t<\/div>\n\t\t\t\t<\/div>\n\t\t\t\t<div class=\"elementor-element elementor-element-56b8e784 elementor-widget elementor-widget-heading\" data-id=\"56b8e784\" data-element_type=\"widget\" data-e-type=\"widget\" data-widget_type=\"heading.default\">\n\t\t\t\t<div class=\"elementor-widget-container\">\n\t\t\t\t\t<h2 class=\"elementor-heading-title elementor-size-default\">Un \u00e9v\u00e9nement au service d\u2019un num\u00e9rique durable<\/h2>\t\t\t\t<\/div>\n\t\t\t\t<\/div>\n\t\t\t\t<div class=\"elementor-element elementor-element-2163d53e elementor-widget elementor-widget-text-editor\" data-id=\"2163d53e\" data-element_type=\"widget\" data-e-type=\"widget\" data-widget_type=\"text-editor.default\">\n\t\t\t\t<div class=\"elementor-widget-container\">\n\t\t\t\t\t\t\t\t\t<p>Pl\u00e9ni\u00e8res, tables rondes, ateliers et espace d\u2019exposition rythmeront ces deux journ\u00e9es. Les grands th\u00e8mes abord\u00e9s :<\/p><ul><li><strong>Enjeux environnementaux<\/strong> : sobri\u00e9t\u00e9 num\u00e9rique, \u00e9coconception, recyclage, green cloud,<\/li><li><strong>Enjeux soci\u00e9taux et \u00e9thiques<\/strong> : inclusion, accessibilit\u00e9, protection des donn\u00e9es,<\/li><li><strong>Gouvernance et r\u00e9glementation<\/strong> : RSE, conformit\u00e9, cadre juridique europ\u00e9en et fran\u00e7ais.<\/li><\/ul><p>Sur son espace, Jalios d\u00e9montrera concr\u00e8tement comment sa plateforme contribue \u00e0 <strong>r\u00e9duire l\u2019empreinte \u00e9cologique du digital<\/strong>, tout en renfor\u00e7ant l\u2019efficacit\u00e9 collaborative et la confiance num\u00e9rique des organisations.<\/p>\t\t\t\t\t\t\t\t<\/div>\n\t\t\t\t<\/div>\n\t\t\t\t<div class=\"elementor-element elementor-element-6183d782 elementor-widget elementor-widget-heading\" data-id=\"6183d782\" data-element_type=\"widget\" data-e-type=\"widget\" data-widget_type=\"heading.default\">\n\t\t\t\t<div class=\"elementor-widget-container\">\n\t\t\t\t\t<h2 class=\"elementor-heading-title elementor-size-default\">Informations pratiques<\/h2>\t\t\t\t<\/div>\n\t\t\t\t<\/div>\n\t\t\t\t<div class=\"elementor-element elementor-element-6ca6c8c4 elementor-widget elementor-widget-text-editor\" data-id=\"6ca6c8c4\" data-element_type=\"widget\" data-e-type=\"widget\" data-widget_type=\"text-editor.default\">\n\t\t\t\t<div class=\"elementor-widget-container\">\n\t\t\t\t\t\t\t\t\t<p><strong>Dates et horaires<\/strong>\u00a0:<\/p><ul><li>Mardi 4 et mercredi 5 novembre 2025<\/li><li>8h30 \u2013 18h00<\/li><\/ul><p><strong>Lieu\u00a0:<\/strong><\/p><ul><li>Palais des Congr\u00e8s de Paris<\/li><\/ul><p><strong>Programme<\/strong> :<\/p><ul><li>40 conf\u00e9rences, 30 ateliers, un espace d\u2019exposition et networking<\/li><\/ul>\t\t\t\t\t\t\t\t<\/div>\n\t\t\t\t<\/div>\n\t\t\t\t<div class=\"elementor-element elementor-element-2f7aa77e elementor-widget elementor-widget-google_maps\" data-id=\"2f7aa77e\" data-element_type=\"widget\" data-e-type=\"widget\" data-widget_type=\"google_maps.default\">\n\t\t\t\t<div class=\"elementor-widget-container\">\n\t\t\t\t\t\t\t<div class=\"elementor-custom-embed\">\n\t\t\t<iframe loading=\"lazy\"\n\t\t\t\t\tsrc=\"https:\/\/maps.google.com\/maps?q=Palais%20des%20Congr%C3%A8s%20de%20Paris&#038;t=m&#038;z=10&#038;output=embed&#038;iwloc=near\"\n\t\t\t\t\ttitle=\"Palais des Congr\u00e8s de Paris\"\n\t\t\t\t\taria-label=\"Palais des Congr\u00e8s de Paris\"\n\t\t\t><\/iframe>\n\t\t<\/div>\n\t\t\t\t\t\t<\/div>\n\t\t\t\t<\/div>\n\t\t\t\t<div class=\"elementor-element elementor-element-1f0fdb97 elementor-align-center elementor-widget elementor-widget-button\" data-id=\"1f0fdb97\" data-element_type=\"widget\" data-e-type=\"widget\" data-widget_type=\"button.default\">\n\t\t\t\t<div class=\"elementor-widget-container\">\n\t\t\t\t\t\t\t\t\t<div class=\"elementor-button-wrapper\">\n\t\t\t\t\t<a class=\"elementor-button elementor-button-link elementor-size-sm\" href=\"https:\/\/www.greentech-forum.com\/inscription\" target=\"_blank\" rel=\"noopener\">\n\t\t\t\t\t\t<span class=\"elementor-button-content-wrapper\">\n\t\t\t\t\t\t\t\t\t<span class=\"elementor-button-text\">Je m'inscris<\/span>\n\t\t\t\t\t<\/span>\n\t\t\t\t\t<\/a>\n\t\t\t\t<\/div>\n\t\t\t\t\t\t\t\t<\/div>\n\t\t\t\t<\/div>\n\t\t\t\t\t<\/div>\n\t\t\t\t<\/div>\n\t\t\t\t<\/div>\n\t\t","protected":false},"excerpt":{"rendered":"<p>4 &#038; 5 novembre 2025 \/ Paris<\/p>\n","protected":false},"author":9,"featured_media":27359,"comment_status":"closed","ping_status":"open","sticky":false,"template":"","format":"standard","meta":{"_acf_changed":false,"content-type":"","site-sidebar-layout":"default","site-content-layout":"","ast-site-content-layout":"default","site-content-style":"default","site-sidebar-style":"default","ast-global-header-display":"","ast-banner-title-visibility":"","ast-main-header-display":"","ast-hfb-above-header-display":"","ast-hfb-below-header-display":"","ast-hfb-mobile-header-display":"","site-post-title":"","ast-breadcrumbs-content":"","ast-featured-img":"","footer-sml-layout":"","ast-disable-related-posts":"","theme-transparent-header-meta":"","adv-header-id-meta":"","stick-header-meta":"","header-above-stick-meta":"","header-main-stick-meta":"","header-below-stick-meta":"","astra-migrate-meta-layouts":"set","ast-page-background-enabled":"default","ast-page-background-meta":{"desktop":{"background-color":"var(--ast-global-color-4)","background-image":"","background-repeat":"repeat","background-position":"center center","background-size":"auto","background-attachment":"scroll","background-type":"","background-media":"","overlay-type":"","overlay-color":"","overlay-opacity":"","overlay-gradient":""},"tablet":{"background-color":"","background-image":"","background-repeat":"repeat","background-position":"center center","background-size":"auto","background-attachment":"scroll","background-type":"","background-media":"","overlay-type":"","overlay-color":"","overlay-opacity":"","overlay-gradient":""},"mobile":{"background-color":"","background-image":"","background-repeat":"repeat","background-position":"center center","background-size":"auto","background-attachment":"scroll","background-type":"","background-media":"","overlay-type":"","overlay-color":"","overlay-opacity":"","overlay-gradient":""}},"ast-content-background-meta":{"desktop":{"background-color":"var(--ast-global-color-5)","background-image":"","background-repeat":"repeat","background-position":"center center","background-size":"auto","background-attachment":"scroll","background-type":"","background-media":"","overlay-type":"","overlay-color":"","overlay-opacity":"","overlay-gradient":""},"tablet":{"background-color":"var(--ast-global-color-5)","background-image":"","background-repeat":"repeat","background-position":"center center","background-size":"auto","background-attachment":"scroll","background-type":"","background-media":"","overlay-type":"","overlay-color":"","overlay-opacity":"","overlay-gradient":""},"mobile":{"background-color":"var(--ast-global-color-5)","background-image":"","background-repeat":"repeat","background-position":"center center","background-size":"auto","background-attachment":"scroll","background-type":"","background-media":"","overlay-type":"","overlay-color":"","overlay-opacity":"","overlay-gradient":""}},"footnotes":""},"categories":[61],"tags":[98],"class_list":["post-27358","post","type-post","status-publish","format-standard","has-post-thumbnail","hentry","category-events","tag-numerique-responsable"],"acf":[],"_links":{"self":[{"href":"https:\/\/www.jalios.com\/fr\/wp-json\/wp\/v2\/posts\/27358","targetHints":{"allow":["GET"]}}],"collection":[{"href":"https:\/\/www.jalios.com\/fr\/wp-json\/wp\/v2\/posts"}],"about":[{"href":"https:\/\/www.jalios.com\/fr\/wp-json\/wp\/v2\/types\/post"}],"author":[{"embeddable":true,"href":"https:\/\/www.jalios.com\/fr\/wp-json\/wp\/v2\/users\/9"}],"replies":[{"embeddable":true,"href":"https:\/\/www.jalios.com\/fr\/wp-json\/wp\/v2\/comments?post=27358"}],"version-history":[{"count":4,"href":"https:\/\/www.jalios.com\/fr\/wp-json\/wp\/v2\/posts\/27358\/revisions"}],"predecessor-version":[{"id":27364,"href":"https:\/\/www.jalios.com\/fr\/wp-json\/wp\/v2\/posts\/27358\/revisions\/27364"}],"wp:featuredmedia":[{"embeddable":true,"href":"https:\/\/www.jalios.com\/fr\/wp-json\/wp\/v2\/media\/27359"}],"wp:attachment":[{"href":"https:\/\/www.jalios.com\/fr\/wp-json\/wp\/v2\/media?parent=27358"}],"wp:term":[{"taxonomy":"category","embeddable":true,"href":"https:\/\/www.jalios.com\/fr\/wp-json\/wp\/v2\/categories?post=27358"},{"taxonomy":"post_tag","embeddable":true,"href":"https:\/\/www.jalios.com\/fr\/wp-json\/wp\/v2\/tags?post=27358"}],"curies":[{"name":"wp","href":"https:\/\/api.w.org\/{rel}","templated":true}]}}