{"id":26766,"date":"2025-07-24T12:15:24","date_gmt":"2025-07-24T10:15:24","guid":{"rendered":"https:\/\/www.jalios.com\/fr\/?p=26766"},"modified":"2025-12-10T11:11:43","modified_gmt":"2025-12-10T10:11:43","slug":"jalios-au-37%e1%b5%89-forum-capcom-accompagner-les-communicants-publics-dans-la-transition-numerique-des-territoires","status":"publish","type":"post","link":"https:\/\/www.jalios.com\/fr\/events\/jalios-au-37%e1%b5%89-forum-capcom-accompagner-les-communicants-publics-dans-la-transition-numerique-des-territoires\/","title":{"rendered":"Jalios au 37\u1d49 Forum Cap\u2019Com : accompagner les communicants publics dans la transition num\u00e9rique des territoires"},"content":{"rendered":"\t\t<div data-elementor-type=\"wp-post\" data-elementor-id=\"26766\" class=\"elementor elementor-26766\" data-elementor-post-type=\"post\">\n\t\t\t\t<div class=\"elementor-element elementor-element-59de1d7 e-flex e-con-boxed e-con e-parent\" data-id=\"59de1d7\" data-element_type=\"container\" data-e-type=\"container\">\n\t\t\t\t\t<div class=\"e-con-inner\">\n\t\t\t\t<div class=\"elementor-element elementor-element-28a4ab6 elementor-widget elementor-widget-button\" data-id=\"28a4ab6\" data-element_type=\"widget\" data-e-type=\"widget\" data-widget_type=\"button.default\">\n\t\t\t\t<div class=\"elementor-widget-container\">\n\t\t\t\t\t\t\t\t\t<div class=\"elementor-button-wrapper\">\n\t\t\t\t\t<a class=\"elementor-button elementor-button-link elementor-size-sm\" href=\"https:\/\/www.jalios.com\/fr\/post-events\/jalios-au-forum-capcom-2025-une-digital-workplace-enrichie-par-lia-au-service-de-la-communication-publique\/\">\n\t\t\t\t\t\t<span class=\"elementor-button-content-wrapper\">\n\t\t\t\t\t\t\t\t\t<span class=\"elementor-button-text\">Retour sur le forum<\/span>\n\t\t\t\t\t<\/span>\n\t\t\t\t\t<\/a>\n\t\t\t\t<\/div>\n\t\t\t\t\t\t\t\t<\/div>\n\t\t\t\t<\/div>\n\t\t\t\t<div class=\"elementor-element elementor-element-1024495e elementor-widget elementor-widget-image\" data-id=\"1024495e\" data-element_type=\"widget\" data-e-type=\"widget\" data-widget_type=\"image.default\">\n\t\t\t\t<div class=\"elementor-widget-container\">\n\t\t\t\t\t\t\t\t\t\t\t\t\t\t\t<img fetchpriority=\"high\" decoding=\"async\" width=\"650\" height=\"100\" src=\"https:\/\/www.jalios.com\/fr\/wp-content\/uploads\/2025\/07\/Capcom-2025.png\" class=\"attachment-large size-large wp-image-26769\" alt=\"\" srcset=\"https:\/\/www.jalios.com\/fr\/wp-content\/uploads\/2025\/07\/Capcom-2025.png 650w, https:\/\/www.jalios.com\/fr\/wp-content\/uploads\/2025\/07\/Capcom-2025-300x46.png 300w\" sizes=\"(max-width: 650px) 100vw, 650px\">\t\t\t\t\t\t\t\t\t\t\t\t\t\t\t<\/div>\n\t\t\t\t<\/div>\n\t\t\t\t<div class=\"elementor-element elementor-element-27364a36 elementor-widget elementor-widget-text-editor\" data-id=\"27364a36\" data-element_type=\"widget\" data-e-type=\"widget\" data-widget_type=\"text-editor.default\">\n\t\t\t\t<div class=\"elementor-widget-container\">\n\t\t\t\t\t\t\t\t\t<p><strong>Du 18 au 20 novembre 2025<\/strong>, Jalios sera pr\u00e9sent \u00e0 <strong>Angers<\/strong> pour participer au <strong>37\u1d49 Forum de la communication publique et territoriale<\/strong>, organis\u00e9 par <strong>Cap\u2019Com<\/strong>.<\/p><p>Pendant <strong>3 jours<\/strong>, aux c\u00f4t\u00e9s de plus de <strong>1 000 communicants<\/strong> et <strong>150 experts<\/strong>, nous vous invitons \u00e0 \u00e9changer sur les nouveaux r\u00e9cits \u00e0 construire pour les territoires, autour du th\u00e8me de cette \u00e9dition :<br \/><strong>\u00ab Quel r\u00e9cit pour nos territoires en transition ? \u00bb<\/strong><\/p><p><strong>Venez nous rencontrer \u00e0 Angers<\/strong> pour d\u00e9couvrir comment moderniser vos pratiques, accro\u00eetre l\u2019efficacit\u00e9 de vos \u00e9quipes, et placer la transition au c\u0153ur de votre strat\u00e9gie de communication publique.<\/p>\t\t\t\t\t\t\t\t<\/div>\n\t\t\t\t<\/div>\n\t\t\t\t<div class=\"elementor-element elementor-element-58f8f29 elementor-align-center elementor-widget elementor-widget-button\" data-id=\"58f8f29\" data-element_type=\"widget\" data-e-type=\"widget\" data-widget_type=\"button.default\">\n\t\t\t\t<div class=\"elementor-widget-container\">\n\t\t\t\t\t\t\t\t\t<div class=\"elementor-button-wrapper\">\n\t\t\t\t\t<a class=\"elementor-button elementor-button-link elementor-size-sm\" href=\"https:\/\/www.cap-com.org\/le-37e-forum-de-la-communication-publique-et-territoriale#Mardi-18\" target=\"_blank\" rel=\"noopener\">\n\t\t\t\t\t\t<span class=\"elementor-button-content-wrapper\">\n\t\t\t\t\t\t\t\t\t<span class=\"elementor-button-text\">Je d\u00e9couvre le programme <\/span>\n\t\t\t\t\t<\/span>\n\t\t\t\t\t<\/a>\n\t\t\t\t<\/div>\n\t\t\t\t\t\t\t\t<\/div>\n\t\t\t\t<\/div>\n\t\t\t\t<div class=\"elementor-element elementor-element-4945f745 elementor-widget elementor-widget-heading\" data-id=\"4945f745\" data-element_type=\"widget\" data-e-type=\"widget\" data-widget_type=\"heading.default\">\n\t\t\t\t<div class=\"elementor-widget-container\">\n\t\t\t\t\t<h2 class=\"elementor-heading-title elementor-size-default\">Modernisez votre communication interne avec Jalios Intranet<\/h2>\t\t\t\t<\/div>\n\t\t\t\t<\/div>\n\t\t\t\t<div class=\"elementor-element elementor-element-1db7b689 elementor-widget elementor-widget-text-editor\" data-id=\"1db7b689\" data-element_type=\"widget\" data-e-type=\"widget\" data-widget_type=\"text-editor.default\">\n\t\t\t\t<div class=\"elementor-widget-container\">\n\t\t\t\t\t\t\t\t\t<h5><strong>Des outils concrets pour renforcer l\u2019impact de vos messages<\/strong><\/h5><p>Souvent r\u00e9partis sur plusieurs sites, les agents font face \u00e0 une<strong> surcharge d\u2019informations, rendant la clart\u00e9 et la r\u00e9activit\u00e9 indispensables au quotidien<\/strong>. Jalios Intranet r\u00e9pond \u00e0 cette probl\u00e9matique en faisant de votre<strong> <a href=\"https:\/\/www.jalios.com\/fr\/solutions\/cas-d-usage\/communication-interne\/\">communication interne<\/a> <\/strong>un v\u00e9ritable levier de performance.<\/p><p>Grace \u00e0 Jalios Intranet, vous pouvez :<\/p><ul><li><strong>Centraliser l&rsquo;information<\/strong> et la diffuser de fa\u00e7on cibl\u00e9e,<\/li><li>Renforcer l&rsquo;engagement des \u00e9quipes via des <strong>espaces collaboratifs<\/strong> stimulants,<\/li><li>Acc\u00e9l\u00e9rer la production de contenus gr\u00e2ce \u00e0 l<strong>&lsquo;int\u00e9gration de l&rsquo;IA g\u00e9n\u00e9rative<\/strong>,<\/li><li><strong>Simplifier la gestion des publications<\/strong> avec des workflows adapt\u00e9s \u00e0 vos processus m\u00e9tiers.<\/li><\/ul><p>Renforcez la coh\u00e9rence de vos messages et l&rsquo;engagement autour de vos projets strat\u00e9giques. Des collectivit\u00e9s comme la <strong>R\u00e9gion \u00cele-de-France et la Ville de Lyon<\/strong> l&rsquo;utilisent d\u00e9j\u00e0 pour optimiser leur communication interne et leur collaboration.<\/p><p>Adopter Jalios, c\u2019est gagner en agilit\u00e9, en impact, et en coh\u00e9rence.<\/p>\t\t\t\t\t\t\t\t<\/div>\n\t\t\t\t<\/div>\n\t\t\t\t<div class=\"elementor-element elementor-element-3a027bf7 elementor-align-center elementor-widget elementor-widget-button\" data-id=\"3a027bf7\" data-element_type=\"widget\" data-e-type=\"widget\" data-widget_type=\"button.default\">\n\t\t\t\t<div class=\"elementor-widget-container\">\n\t\t\t\t\t\t\t\t\t<div class=\"elementor-button-wrapper\">\n\t\t\t\t\t<a class=\"elementor-button elementor-button-link elementor-size-sm\" href=\"https:\/\/www.jalios.com\/fr\/produits\/intranet\/\">\n\t\t\t\t\t\t<span class=\"elementor-button-content-wrapper\">\n\t\t\t\t\t\t\t\t\t<span class=\"elementor-button-text\">En savoir plus <\/span>\n\t\t\t\t\t<\/span>\n\t\t\t\t\t<\/a>\n\t\t\t\t<\/div>\n\t\t\t\t\t\t\t\t<\/div>\n\t\t\t\t<\/div>\n\t\t\t\t<div class=\"elementor-element elementor-element-26c76035 elementor-widget elementor-widget-heading\" data-id=\"26c76035\" data-element_type=\"widget\" data-e-type=\"widget\" data-widget_type=\"heading.default\">\n\t\t\t\t<div class=\"elementor-widget-container\">\n\t\t\t\t\t<h2 class=\"elementor-heading-title elementor-size-default\">Informations pratiques<\/h2>\t\t\t\t<\/div>\n\t\t\t\t<\/div>\n\t\t\t\t<div class=\"elementor-element elementor-element-f35df65 elementor-widget elementor-widget-text-editor\" data-id=\"f35df65\" data-element_type=\"widget\" data-e-type=\"widget\" data-widget_type=\"text-editor.default\">\n\t\t\t\t<div class=\"elementor-widget-container\">\n\t\t\t\t\t\t\t\t\t<p><strong>Dates et horaires<\/strong>\u00a0:<\/p><ul><li style=\"list-style-type: none;\"><ul><li>Mardi 18 Novembre\u00a0: <strong>les visites pro <\/strong>de 13h30 \u00e0 19h<\/li><li>Mercredi 19 Novembre\u00a0: <strong>la pl\u00e9ni\u00e8re d&rsquo;ouverture, les conf\u00e9rences et ateliers <\/strong>de 10h \u00e0 18h15<\/li><li>Jeudi 20 Novembre\u00a0: <strong>les conf\u00e9rences, les ateliers et le Grand Prix Cap&rsquo;Com <\/strong>de 9h30 \u00e0 16h<\/li><\/ul><\/li><\/ul><p><strong>Lieu\u00a0:<\/strong><\/p><ul><li>Angers<\/li><\/ul>\t\t\t\t\t\t\t\t<\/div>\n\t\t\t\t<\/div>\n\t\t\t\t<div class=\"elementor-element elementor-element-64aa9db elementor-widget elementor-widget-google_maps\" data-id=\"64aa9db\" data-element_type=\"widget\" data-e-type=\"widget\" data-widget_type=\"google_maps.default\">\n\t\t\t\t<div class=\"elementor-widget-container\">\n\t\t\t\t\t\t\t<div class=\"elementor-custom-embed\">\n\t\t\t<iframe loading=\"lazy\"\n\t\t\t\t\tsrc=\"https:\/\/maps.google.com\/maps?q=Angers&#038;t=m&#038;z=10&#038;output=embed&#038;iwloc=near\"\n\t\t\t\t\ttitle=\"Angers\"\n\t\t\t\t\taria-label=\"Angers\"\n\t\t\t><\/iframe>\n\t\t<\/div>\n\t\t\t\t\t\t<\/div>\n\t\t\t\t<\/div>\n\t\t\t\t<div class=\"elementor-element elementor-element-4c58822f elementor-align-center elementor-widget elementor-widget-button\" data-id=\"4c58822f\" data-element_type=\"widget\" data-e-type=\"widget\" data-widget_type=\"button.default\">\n\t\t\t\t<div class=\"elementor-widget-container\">\n\t\t\t\t\t\t\t\t\t<div class=\"elementor-button-wrapper\">\n\t\t\t\t\t<a class=\"elementor-button elementor-button-link elementor-size-sm\" href=\"https:\/\/www.cap-com.org\/le-37e-forum-de-la-communication-publique-et-territoriale#Mardi-18%20\" target=\"_blank\" rel=\"noopener\">\n\t\t\t\t\t\t<span class=\"elementor-button-content-wrapper\">\n\t\t\t\t\t\t\t\t\t<span class=\"elementor-button-text\">Je m'inscris<\/span>\n\t\t\t\t\t<\/span>\n\t\t\t\t\t<\/a>\n\t\t\t\t<\/div>\n\t\t\t\t\t\t\t\t<\/div>\n\t\t\t\t<\/div>\n\t\t\t\t\t<\/div>\n\t\t\t\t<\/div>\n\t\t\t\t<\/div>\n\t\t","protected":false},"excerpt":{"rendered":"<p>18 &#8211; 20 novembre 2025 \/ Angers<\/p>\n","protected":false},"author":9,"featured_media":26767,"comment_status":"closed","ping_status":"open","sticky":false,"template":"","format":"standard","meta":{"_acf_changed":false,"content-type":"","site-sidebar-layout":"default","site-content-layout":"","ast-site-content-layout":"default","site-content-style":"default","site-sidebar-style":"default","ast-global-header-display":"","ast-banner-title-visibility":"","ast-main-header-display":"","ast-hfb-above-header-display":"","ast-hfb-below-header-display":"","ast-hfb-mobile-header-display":"","site-post-title":"","ast-breadcrumbs-content":"","ast-featured-img":"","footer-sml-layout":"","ast-disable-related-posts":"","theme-transparent-header-meta":"","adv-header-id-meta":"","stick-header-meta":"","header-above-stick-meta":"","header-main-stick-meta":"","header-below-stick-meta":"","astra-migrate-meta-layouts":"set","ast-page-background-enabled":"default","ast-page-background-meta":{"desktop":{"background-color":"var(--ast-global-color-4)","background-image":"","background-repeat":"repeat","background-position":"center center","background-size":"auto","background-attachment":"scroll","background-type":"","background-media":"","overlay-type":"","overlay-color":"","overlay-opacity":"","overlay-gradient":""},"tablet":{"background-color":"","background-image":"","background-repeat":"repeat","background-position":"center center","background-size":"auto","background-attachment":"scroll","background-type":"","background-media":"","overlay-type":"","overlay-color":"","overlay-opacity":"","overlay-gradient":""},"mobile":{"background-color":"","background-image":"","background-repeat":"repeat","background-position":"center center","background-size":"auto","background-attachment":"scroll","background-type":"","background-media":"","overlay-type":"","overlay-color":"","overlay-opacity":"","overlay-gradient":""}},"ast-content-background-meta":{"desktop":{"background-color":"var(--ast-global-color-5)","background-image":"","background-repeat":"repeat","background-position":"center center","background-size":"auto","background-attachment":"scroll","background-type":"","background-media":"","overlay-type":"","overlay-color":"","overlay-opacity":"","overlay-gradient":""},"tablet":{"background-color":"var(--ast-global-color-5)","background-image":"","background-repeat":"repeat","background-position":"center center","background-size":"auto","background-attachment":"scroll","background-type":"","background-media":"","overlay-type":"","overlay-color":"","overlay-opacity":"","overlay-gradient":""},"mobile":{"background-color":"var(--ast-global-color-5)","background-image":"","background-repeat":"repeat","background-position":"center center","background-size":"auto","background-attachment":"scroll","background-type":"","background-media":"","overlay-type":"","overlay-color":"","overlay-opacity":"","overlay-gradient":""}},"footnotes":""},"categories":[61],"tags":[126],"class_list":["post-26766","post","type-post","status-publish","format-standard","has-post-thumbnail","hentry","category-events","tag-collectivites-territoriales"],"acf":[],"_links":{"self":[{"href":"https:\/\/www.jalios.com\/fr\/wp-json\/wp\/v2\/posts\/26766","targetHints":{"allow":["GET"]}}],"collection":[{"href":"https:\/\/www.jalios.com\/fr\/wp-json\/wp\/v2\/posts"}],"about":[{"href":"https:\/\/www.jalios.com\/fr\/wp-json\/wp\/v2\/types\/post"}],"author":[{"embeddable":true,"href":"https:\/\/www.jalios.com\/fr\/wp-json\/wp\/v2\/users\/9"}],"replies":[{"embeddable":true,"href":"https:\/\/www.jalios.com\/fr\/wp-json\/wp\/v2\/comments?post=26766"}],"version-history":[{"count":16,"href":"https:\/\/www.jalios.com\/fr\/wp-json\/wp\/v2\/posts\/26766\/revisions"}],"predecessor-version":[{"id":28448,"href":"https:\/\/www.jalios.com\/fr\/wp-json\/wp\/v2\/posts\/26766\/revisions\/28448"}],"wp:featuredmedia":[{"embeddable":true,"href":"https:\/\/www.jalios.com\/fr\/wp-json\/wp\/v2\/media\/26767"}],"wp:attachment":[{"href":"https:\/\/www.jalios.com\/fr\/wp-json\/wp\/v2\/media?parent=26766"}],"wp:term":[{"taxonomy":"category","embeddable":true,"href":"https:\/\/www.jalios.com\/fr\/wp-json\/wp\/v2\/categories?post=26766"},{"taxonomy":"post_tag","embeddable":true,"href":"https:\/\/www.jalios.com\/fr\/wp-json\/wp\/v2\/tags?post=26766"}],"curies":[{"name":"wp","href":"https:\/\/api.w.org\/{rel}","templated":true}]}}