{"id":26178,"date":"2025-07-10T14:49:38","date_gmt":"2025-07-10T12:49:38","guid":{"rendered":"https:\/\/www.jalios.com\/fr\/?p=26178"},"modified":"2025-10-21T14:44:56","modified_gmt":"2025-10-21T12:44:56","slug":"jalios-au-congres-des-sapeurs-pompiers-sur-le-circuit-des-24h-du-mans","status":"publish","type":"post","link":"https:\/\/www.jalios.com\/fr\/events\/jalios-au-congres-des-sapeurs-pompiers-sur-le-circuit-des-24h-du-mans\/","title":{"rendered":"Jalios au Congr\u00e8s des Sapeurs-Pompiers sur le circuit des 24h du Mans"},"content":{"rendered":"\t\t<div data-elementor-type=\"wp-post\" data-elementor-id=\"26178\" class=\"elementor elementor-26178\" data-elementor-post-type=\"post\">\n\t\t\t\t<div class=\"elementor-element elementor-element-d55bda9 e-flex e-con-boxed e-con e-parent\" data-id=\"d55bda9\" data-element_type=\"container\" data-e-type=\"container\">\n\t\t\t\t\t<div class=\"e-con-inner\">\n\t\t\t\t<div class=\"elementor-element elementor-element-d24c695 elementor-widget elementor-widget-text-editor\" data-id=\"d24c695\" data-element_type=\"widget\" data-e-type=\"widget\" data-widget_type=\"text-editor.default\">\n\t\t\t\t<div class=\"elementor-widget-container\">\n\t\t\t\t\t\t\t\t\t<p data-pm-slice=\"1 1 []\"><img fetchpriority=\"high\" decoding=\"async\" class=\"alignnone size-full wp-image-26789\" src=\"https:\/\/www.jalios.com\/fr\/wp-content\/uploads\/2025\/07\/SDIS-2025.png\" alt=\"\" width=\"650\" height=\"100\" srcset=\"https:\/\/www.jalios.com\/fr\/wp-content\/uploads\/2025\/07\/SDIS-2025.png 650w, https:\/\/www.jalios.com\/fr\/wp-content\/uploads\/2025\/07\/SDIS-2025-300x46.png 300w\" sizes=\"(max-width: 650px) 100vw, 650px\" \/><\/p><p data-pm-slice=\"1 1 []\">Du <strong>8 au 11 octobre 2025<\/strong>, Jalios sera au c\u0153ur du\u00a0<a href=\"https:\/\/congres2025.pompiers.fr\/\" target=\"_blank\" rel=\"noopener\"><strong>Congr\u00e8s National des Sapeurs\u2011Pompiers de France<\/strong><\/a>\u00a0au Parc des expositions du Mans, stand A8.<\/p><p>Ce rendez\u2011vous incontournable mobilise chaque ann\u00e9e pr\u00e8s de 400 exposants, 3\u202f000 congressistes et plusieurs dizaines de milliers de visiteurs autour des enjeux de la s\u00e9curit\u00e9 civile, de la gestion de crise et des technologies de secours. \u00c0 deux pas du mythique circuit des 24\u202fHeures, le Parc des Expositions du Mans se transformera en v\u00e9ritable vitrine des innovations d\u00e9di\u00e9es aux Services d\u00e9partementaux d\u2019incendie et de secours (SDIS) et aux acteurs du secours.<\/p>\t\t\t\t\t\t\t\t<\/div>\n\t\t\t\t<\/div>\n\t\t\t\t<div class=\"elementor-element elementor-element-79ad153 elementor-widget elementor-widget-heading\" data-id=\"79ad153\" data-element_type=\"widget\" data-e-type=\"widget\" data-widget_type=\"heading.default\">\n\t\t\t\t<div class=\"elementor-widget-container\">\n\t\t\t\t\t<h3 class=\"elementor-heading-title elementor-size-default\">Pourquoi venir nous rencontrer ?<\/h3>\t\t\t\t<\/div>\n\t\t\t\t<\/div>\n\t\t\t\t<div class=\"elementor-element elementor-element-fda12da elementor-widget elementor-widget-text-editor\" data-id=\"fda12da\" data-element_type=\"widget\" data-e-type=\"widget\" data-widget_type=\"text-editor.default\">\n\t\t\t\t<div class=\"elementor-widget-container\">\n\t\t\t\t\t\t\t\t\t<p data-pm-slice=\"1 1 []\"><strong>D\u00e9couvrir nos derni\u00e8res solutions<\/strong>\u202f: venez prendre en main notre intranet collaboratif, pens\u00e9 pour fluidifier la communication interne et coordonner les \u00e9quipes, m\u00eame en mobilit\u00e9. <strong>\u00c9changer avec nos experts<\/strong>\u202f: b\u00e9n\u00e9ficiez de conseils personnalis\u00e9s pour optimiser vos processus, depuis la d\u00e9mat\u00e9rialisation des workflows jusqu\u2019\u00e0 la capitalisation des connaissances. <strong>Explorer JLIC<\/strong>, notre nouvelle application de suivi des Livrets Individuels de Comp\u00e9tences (LIC), con\u00e7ue avec 1Day1Learn pour simplifier la formation et la tra\u00e7abilit\u00e9 des comp\u00e9tences sapeur\u2011pompier.<\/p>\t\t\t\t\t\t\t\t<\/div>\n\t\t\t\t<\/div>\n\t\t\t\t<div class=\"elementor-element elementor-element-4b15308 elementor-align-center elementor-widget elementor-widget-button\" data-id=\"4b15308\" data-element_type=\"widget\" data-e-type=\"widget\" data-widget_type=\"button.default\">\n\t\t\t\t<div class=\"elementor-widget-container\">\n\t\t\t\t\t\t\t\t\t<div class=\"elementor-button-wrapper\">\n\t\t\t\t\t<a class=\"elementor-button elementor-button-link elementor-size-sm\" href=\"https:\/\/infos.jalios.com\/de-lintranet-%C3%A0-la-digital-workplace-pour-les-sdis?utm_source=Jalios&#038;utm_medium=JCOM&#038;utm_campaign=Congr%C3%A8s24\" target=\"_blank\" rel=\"noopener\">\n\t\t\t\t\t\t<span class=\"elementor-button-content-wrapper\">\n\t\t\t\t\t\t\t\t\t<span class=\"elementor-button-text\">Pour aller plus loin : D\u00e9couvrez notre e-guide SDIS<\/span>\n\t\t\t\t\t<\/span>\n\t\t\t\t\t<\/a>\n\t\t\t\t<\/div>\n\t\t\t\t\t\t\t\t<\/div>\n\t\t\t\t<\/div>\n\t\t\t\t<div class=\"elementor-element elementor-element-c188498 elementor-widget elementor-widget-heading\" data-id=\"c188498\" data-element_type=\"widget\" data-e-type=\"widget\" data-widget_type=\"heading.default\">\n\t\t\t\t<div class=\"elementor-widget-container\">\n\t\t\t\t\t<h3 class=\"elementor-heading-title elementor-size-default\">Jalios, un alli\u00e9 de longue date des SDIS<\/h3>\t\t\t\t<\/div>\n\t\t\t\t<\/div>\n\t\t\t\t<div class=\"elementor-element elementor-element-9bdcdc5 elementor-widget elementor-widget-text-editor\" data-id=\"9bdcdc5\" data-element_type=\"widget\" data-e-type=\"widget\" data-widget_type=\"text-editor.default\">\n\t\t\t\t<div class=\"elementor-widget-container\">\n\t\t\t\t\t\t\t\t\t<p data-pm-slice=\"1 1 []\">Depuis plus de deux d\u00e9cennies, <a href=\"https:\/\/www.jalios.com\/fr\/solutions\/secteurs\/sdis\/\"><strong>nous accompagnons les SDIS<\/strong><\/a> de toute la France, de l\u2019Allier <br>\u00e0 la Haute\u2011Savoie, en passant par le Vaucluse ou les Bouches\u2011du\u2011Rh\u00f4ne, dans leur <br>transformation digitale :<\/p>\n<p>Un <strong>portail unique<\/strong> rassemblant applications, documentation m\u00e9tier et espaces collaboratifs Des <strong>services en ligne<\/strong> accessibles aux professionnels et au grand public Une <strong>mobilit\u00e9 s\u00e9curis\u00e9e<\/strong> pour relier SPP et SPV, quels que soient les lieux d\u2019intervention Une <strong>culture de l\u2019innovation<\/strong> pour favoriser le d\u00e9cloisonnement et l\u2019engagement des agents.<\/p>\t\t\t\t\t\t\t\t<\/div>\n\t\t\t\t<\/div>\n\t\t\t\t<div class=\"elementor-element elementor-element-ece976e elementor-widget elementor-widget-heading\" data-id=\"ece976e\" data-element_type=\"widget\" data-e-type=\"widget\" data-widget_type=\"heading.default\">\n\t\t\t\t<div class=\"elementor-widget-container\">\n\t\t\t\t\t<h3 class=\"elementor-heading-title elementor-size-default\">Focus sur JLIC : digitalisez le suivi de vos comp\u00e9tences<\/h3>\t\t\t\t<\/div>\n\t\t\t\t<\/div>\n\t\t\t\t<div class=\"elementor-element elementor-element-2844f61 elementor-widget elementor-widget-text-editor\" data-id=\"2844f61\" data-element_type=\"widget\" data-e-type=\"widget\" data-widget_type=\"text-editor.default\">\n\t\t\t\t<div class=\"elementor-widget-container\">\n\t\t\t\t\t\t\t\t\t<p data-pm-slice=\"1 1 []\">Con\u00e7ue avec notre partenaire <a href=\"https:\/\/1day1learn.com\/\" target=\"_blank\" rel=\"noopener\"><strong>1Day1Learn<\/strong><\/a>, l\u2019application JLIC r\u00e9pond aux d\u00e9fis r\u00e8glementaires et p\u00e9dagogiques des SDIS :<\/p><p><strong>Tracez<\/strong> chaque \u00e9tape du parcours de formation <strong>Personnalisez<\/strong> les r\u00e9f\u00e9rentiels et objectifs p\u00e9dagogiques <strong>Archivez<\/strong> en toute s\u00e9curit\u00e9 jusqu\u2019\u00e0 la certification <strong>Activez<\/strong> l\u2019apprenant au c\u0153ur de son apprentissage gr\u00e2ce \u00e0 une interface collaborative<\/p><p><strong>Ne manquez pas<\/strong> notre d\u00e9monstration live sur le stand A8 et profitez-en pour d\u00e9couvrir comment JLIC peut transformer vos processus de suivi et valoriser vos comp\u00e9tences internes.<\/p><p>Avec Sylvain Denegre, Concepteur de Formation, officier SPP\u00a0et Eric Gabas, Solution Manager chez 1Day1Learn.<\/p><p>Au plaisir de vous retrouver au Congr\u00e8s !<\/p>\t\t\t\t\t\t\t\t<\/div>\n\t\t\t\t<\/div>\n\t\t\t\t<div class=\"elementor-element elementor-element-c35078d elementor-widget elementor-widget-heading\" data-id=\"c35078d\" data-element_type=\"widget\" data-e-type=\"widget\" data-widget_type=\"heading.default\">\n\t\t\t\t<div class=\"elementor-widget-container\">\n\t\t\t\t\t<h3 class=\"elementor-heading-title elementor-size-default\">Informations pratiques<\/h3>\t\t\t\t<\/div>\n\t\t\t\t<\/div>\n\t\t\t\t<div class=\"elementor-element elementor-element-d9c3f8d elementor-widget elementor-widget-text-editor\" data-id=\"d9c3f8d\" data-element_type=\"widget\" data-e-type=\"widget\" data-widget_type=\"text-editor.default\">\n\t\t\t\t<div class=\"elementor-widget-container\">\n\t\t\t\t\t\t\t\t\t<ul><li><strong>Dates :<\/strong>\u00a0Du 08 au 11 octobre 2025<\/li><li style=\"font-size: 16px;\"><span style=\"font-weight: bold;\">Lieu\u00a0:<\/span>\u00a0Parc des expositions du Mans, 72181 Le Mans<\/li><li style=\"font-size: 16px;\"><span style=\"font-weight: bold;\">Stand A8<\/span><\/li><\/ul>\t\t\t\t\t\t\t\t<\/div>\n\t\t\t\t<\/div>\n\t\t\t\t<div class=\"elementor-element elementor-element-84151d3 elementor-widget elementor-widget-google_maps\" data-id=\"84151d3\" data-element_type=\"widget\" data-e-type=\"widget\" data-widget_type=\"google_maps.default\">\n\t\t\t\t<div class=\"elementor-widget-container\">\n\t\t\t\t\t\t\t<div class=\"elementor-custom-embed\">\n\t\t\t<iframe loading=\"lazy\"\n\t\t\t\t\tsrc=\"https:\/\/maps.google.com\/maps?q=Parc%20des%20expositions%20le%20mans&#038;t=m&#038;z=10&#038;output=embed&#038;iwloc=near\"\n\t\t\t\t\ttitle=\"Parc des expositions le mans\"\n\t\t\t\t\taria-label=\"Parc des expositions le mans\"\n\t\t\t><\/iframe>\n\t\t<\/div>\n\t\t\t\t\t\t<\/div>\n\t\t\t\t<\/div>\n\t\t\t\t\t<\/div>\n\t\t\t\t<\/div>\n\t\t\t\t<\/div>\n\t\t","protected":false},"excerpt":{"rendered":"<p>8 au 11 octobre 2025 \/ Le Mans <\/p>\n","protected":false},"author":12,"featured_media":26179,"comment_status":"closed","ping_status":"open","sticky":false,"template":"","format":"standard","meta":{"_acf_changed":false,"content-type":"","site-sidebar-layout":"default","site-content-layout":"","ast-site-content-layout":"default","site-content-style":"default","site-sidebar-style":"default","ast-global-header-display":"","ast-banner-title-visibility":"","ast-main-header-display":"","ast-hfb-above-header-display":"","ast-hfb-below-header-display":"","ast-hfb-mobile-header-display":"","site-post-title":"","ast-breadcrumbs-content":"","ast-featured-img":"","footer-sml-layout":"","ast-disable-related-posts":"","theme-transparent-header-meta":"","adv-header-id-meta":"","stick-header-meta":"","header-above-stick-meta":"","header-main-stick-meta":"","header-below-stick-meta":"","astra-migrate-meta-layouts":"set","ast-page-background-enabled":"default","ast-page-background-meta":{"desktop":{"background-color":"var(--ast-global-color-4)","background-image":"","background-repeat":"repeat","background-position":"center center","background-size":"auto","background-attachment":"scroll","background-type":"","background-media":"","overlay-type":"","overlay-color":"","overlay-opacity":"","overlay-gradient":""},"tablet":{"background-color":"","background-image":"","background-repeat":"repeat","background-position":"center center","background-size":"auto","background-attachment":"scroll","background-type":"","background-media":"","overlay-type":"","overlay-color":"","overlay-opacity":"","overlay-gradient":""},"mobile":{"background-color":"","background-image":"","background-repeat":"repeat","background-position":"center center","background-size":"auto","background-attachment":"scroll","background-type":"","background-media":"","overlay-type":"","overlay-color":"","overlay-opacity":"","overlay-gradient":""}},"ast-content-background-meta":{"desktop":{"background-color":"var(--ast-global-color-5)","background-image":"","background-repeat":"repeat","background-position":"center center","background-size":"auto","background-attachment":"scroll","background-type":"","background-media":"","overlay-type":"","overlay-color":"","overlay-opacity":"","overlay-gradient":""},"tablet":{"background-color":"var(--ast-global-color-5)","background-image":"","background-repeat":"repeat","background-position":"center center","background-size":"auto","background-attachment":"scroll","background-type":"","background-media":"","overlay-type":"","overlay-color":"","overlay-opacity":"","overlay-gradient":""},"mobile":{"background-color":"var(--ast-global-color-5)","background-image":"","background-repeat":"repeat","background-position":"center center","background-size":"auto","background-attachment":"scroll","background-type":"","background-media":"","overlay-type":"","overlay-color":"","overlay-opacity":"","overlay-gradient":""}},"footnotes":""},"categories":[61],"tags":[122],"class_list":["post-26178","post","type-post","status-publish","format-standard","has-post-thumbnail","hentry","category-events","tag-sdis"],"acf":[],"_links":{"self":[{"href":"https:\/\/www.jalios.com\/fr\/wp-json\/wp\/v2\/posts\/26178","targetHints":{"allow":["GET"]}}],"collection":[{"href":"https:\/\/www.jalios.com\/fr\/wp-json\/wp\/v2\/posts"}],"about":[{"href":"https:\/\/www.jalios.com\/fr\/wp-json\/wp\/v2\/types\/post"}],"author":[{"embeddable":true,"href":"https:\/\/www.jalios.com\/fr\/wp-json\/wp\/v2\/users\/12"}],"replies":[{"embeddable":true,"href":"https:\/\/www.jalios.com\/fr\/wp-json\/wp\/v2\/comments?post=26178"}],"version-history":[{"count":35,"href":"https:\/\/www.jalios.com\/fr\/wp-json\/wp\/v2\/posts\/26178\/revisions"}],"predecessor-version":[{"id":26792,"href":"https:\/\/www.jalios.com\/fr\/wp-json\/wp\/v2\/posts\/26178\/revisions\/26792"}],"wp:featuredmedia":[{"embeddable":true,"href":"https:\/\/www.jalios.com\/fr\/wp-json\/wp\/v2\/media\/26179"}],"wp:attachment":[{"href":"https:\/\/www.jalios.com\/fr\/wp-json\/wp\/v2\/media?parent=26178"}],"wp:term":[{"taxonomy":"category","embeddable":true,"href":"https:\/\/www.jalios.com\/fr\/wp-json\/wp\/v2\/categories?post=26178"},{"taxonomy":"post_tag","embeddable":true,"href":"https:\/\/www.jalios.com\/fr\/wp-json\/wp\/v2\/tags?post=26178"}],"curies":[{"name":"wp","href":"https:\/\/api.w.org\/{rel}","templated":true}]}}