{"id":25041,"date":"2025-05-27T14:00:00","date_gmt":"2025-05-27T12:00:00","guid":{"rendered":"https:\/\/www.jalios.com\/fr\/?p=25041"},"modified":"2025-10-20T10:55:35","modified_gmt":"2025-10-20T08:55:35","slug":"communication-interne-et-externe","status":"publish","type":"post","link":"https:\/\/www.jalios.com\/fr\/blog\/communication-interne-et-externe\/","title":{"rendered":"Communication interne et externe : les diff\u00e9rences et enjeux"},"content":{"rendered":"\t\t<div data-elementor-type=\"wp-post\" data-elementor-id=\"25041\" class=\"elementor elementor-25041\" data-elementor-post-type=\"post\">\n\t\t\t\t<div class=\"elementor-element elementor-element-1d5d10b e-flex e-con-boxed e-con e-parent\" data-id=\"1d5d10b\" data-element_type=\"container\" data-e-type=\"container\">\n\t\t\t\t\t<div class=\"e-con-inner\">\n\t\t\t\t<div class=\"elementor-element elementor-element-36c0f73 elementor-widget elementor-widget-text-editor\" data-id=\"36c0f73\" data-element_type=\"widget\" data-e-type=\"widget\" data-widget_type=\"text-editor.default\">\n\t\t\t\t<div class=\"elementor-widget-container\">\n\t\t\t\t\t\t\t\t\t<p>Pour \u00eatre de plus en plus efficaces, les entreprises doivent non seulement parler \u00e0 leurs <strong>collaborateurs<\/strong>, mais aussi \u00e0 leur <strong>\u00e9cosyst\u00e8me<\/strong> externe. C&rsquo;est ici que la distinction entre communication interne et externe prend tout son sens. Comprendre leurs sp\u00e9cificit\u00e9s, objectifs et enjeux est fondamental pour b\u00e2tir une<strong> strat\u00e9gie de communication coh\u00e9rente et performante.<\/strong><\/p>\t\t\t\t\t\t\t\t<\/div>\n\t\t\t\t<\/div>\n\t\t\t\t<div class=\"elementor-element elementor-element-c203482 elementor-widget elementor-widget-heading\" data-id=\"c203482\" data-element_type=\"widget\" data-e-type=\"widget\" data-widget_type=\"heading.default\">\n\t\t\t\t<div class=\"elementor-widget-container\">\n\t\t\t\t\t<h2 class=\"elementor-heading-title elementor-size-default\">Communication interne : pilier de l'engagement collaborateur<\/h2>\t\t\t\t<\/div>\n\t\t\t\t<\/div>\n\t\t\t\t<div class=\"elementor-element elementor-element-9972f10 elementor-widget elementor-widget-text-editor\" data-id=\"9972f10\" data-element_type=\"widget\" data-e-type=\"widget\" data-widget_type=\"text-editor.default\">\n\t\t\t\t<div class=\"elementor-widget-container\">\n\t\t\t\t\t\t\t\t\t<p>La <a href=\"https:\/\/www.jalios.com\/fr\/solutions\/cas-d-usage\/communication-interne\/\">communication interne<\/a> regroupe l&rsquo;ensemble des moyens et outils permettant de transmettre des informations au sein m\u00eame de l&rsquo;entreprise, entre les diff\u00e9rents niveaux hi\u00e9rarchiques, services et collaborateurs.<\/p><h3><strong>Objectif de la communication interne en entreprise<\/strong><\/h3><p>Son objectif principal est de favoriser la circulation de l&rsquo;information, de renforcer la coh\u00e9sion d&rsquo;\u00e9quipe, d&rsquo;assurer la compr\u00e9hension des orientations strat\u00e9giques et de motiver les collaborateurs. Une bonne communication interne facilite l&rsquo;engagement, am\u00e9liore la productivit\u00e9, et r\u00e9duit les risques de conflits ou de d\u00e9sinformation. Elle est aussi un vecteur fort de la culture d&rsquo;entreprise.<\/p><p>Parmi les canaux utilis\u00e9s, on retrouve l&rsquo;intranet, les newsletters internes, les r\u00e9unions d&rsquo;\u00e9quipe, les chats collaboratifs (Slack, Teams), les affichages ou encore les journaux internes.<\/p>\t\t\t\t\t\t\t\t<\/div>\n\t\t\t\t<\/div>\n\t\t<div class=\"elementor-element elementor-element-25028ab e-con-full e-flex e-con e-child\" data-id=\"25028ab\" data-element_type=\"container\" data-e-type=\"container\" data-settings=\"{&quot;background_background&quot;:&quot;classic&quot;}\">\n\t\t\t\t<div class=\"elementor-element elementor-element-46aa986 elementor-widget elementor-widget-image\" data-id=\"46aa986\" data-element_type=\"widget\" data-e-type=\"widget\" data-settings=\"{&quot;motion_fx_tilt_effect&quot;:&quot;yes&quot;,&quot;motion_fx_motion_fx_mouse&quot;:&quot;yes&quot;,&quot;motion_fx_tilt_speed&quot;:{&quot;unit&quot;:&quot;px&quot;,&quot;size&quot;:4.5,&quot;sizes&quot;:[]}}\" data-widget_type=\"image.default\">\n\t\t\t\t<div class=\"elementor-widget-container\">\n\t\t\t\t\t\t\t\t\t\t\t\t\t\t\t\t<a href=\"https:\/\/eu1.hubs.ly\/H0f9lms0\" target=\"_blank\" rel=\"noopener\">\n\t\t\t\t\t\t\t<img fetchpriority=\"high\" decoding=\"async\" width=\"625\" height=\"874\" src=\"https:\/\/www.jalios.com\/fr\/wp-content\/uploads\/2024\/07\/intranet.png\" class=\"attachment-large size-large wp-image-6106\" alt=\"\" srcset=\"https:\/\/www.jalios.com\/fr\/wp-content\/uploads\/2024\/07\/intranet.png 625w, https:\/\/www.jalios.com\/fr\/wp-content\/uploads\/2024\/07\/intranet-215x300.png 215w\" sizes=\"(max-width: 625px) 100vw, 625px\">\t\t\t\t\t\t\t\t<\/a>\n\t\t\t\t\t\t\t\t\t\t\t\t\t\t\t<\/div>\n\t\t\t\t<\/div>\n\t\t<div class=\"elementor-element elementor-element-d5f91d6 e-con-full e-flex e-con e-child\" data-id=\"d5f91d6\" data-element_type=\"container\" data-e-type=\"container\">\n\t\t\t\t<div class=\"elementor-element elementor-element-61c1bbe elementor-widget elementor-widget-heading\" data-id=\"61c1bbe\" data-element_type=\"widget\" data-e-type=\"widget\" data-widget_type=\"heading.default\">\n\t\t\t\t<div class=\"elementor-widget-container\">\n\t\t\t\t\t<p class=\"elementor-heading-title elementor-size-default\">T\u00e9l\u00e9chargez notre livre blanc<\/p>\t\t\t\t<\/div>\n\t\t\t\t<\/div>\n\t\t\t\t<div class=\"elementor-element elementor-element-7bc4619 elementor-widget elementor-widget-heading\" data-id=\"7bc4619\" data-element_type=\"widget\" data-e-type=\"widget\" data-widget_type=\"heading.default\">\n\t\t\t\t<div class=\"elementor-widget-container\">\n\t\t\t\t\t<h3 class=\"elementor-heading-title elementor-size-default\">De l'Intranet \u00e0 la Digital Workplace<\/h3>\t\t\t\t<\/div>\n\t\t\t\t<\/div>\n\t\t\t\t<div class=\"elementor-element elementor-element-5e51e88 elementor-widget elementor-widget-text-editor\" data-id=\"5e51e88\" data-element_type=\"widget\" data-e-type=\"widget\" data-widget_type=\"text-editor.default\">\n\t\t\t\t<div class=\"elementor-widget-container\">\n\t\t\t\t\t\t\t\t\t<p>Ce mod\u00e8le de cahier des charges vous permettra de <strong>structurer votre projet<\/strong> en partant de vos besoins et sp\u00e9cificit\u00e9s !<\/p>\t\t\t\t\t\t\t\t<\/div>\n\t\t\t\t<\/div>\n\t\t\t\t<div class=\"elementor-element elementor-element-770f76a elementor-align-left elementor-mobile-align-center elementor-widget elementor-widget-button\" data-id=\"770f76a\" data-element_type=\"widget\" data-e-type=\"widget\" data-widget_type=\"button.default\">\n\t\t\t\t<div class=\"elementor-widget-container\">\n\t\t\t\t\t\t\t\t\t<div class=\"elementor-button-wrapper\">\n\t\t\t\t\t<a class=\"elementor-button elementor-button-link elementor-size-sm\" href=\"https:\/\/eu1.hubs.ly\/H0f9lms0\" target=\"_blank\" rel=\"noopener\">\n\t\t\t\t\t\t<span class=\"elementor-button-content-wrapper\">\n\t\t\t\t\t\t<span class=\"elementor-button-icon\">\n\t\t\t\t<svg aria-hidden=\"true\" class=\"e-font-icon-svg e-fas-file-download\" viewBox=\"0 0 384 512\" xmlns=\"http:\/\/www.w3.org\/2000\/svg\"><path d=\"M224 136V0H24C10.7 0 0 10.7 0 24v464c0 13.3 10.7 24 24 24h336c13.3 0 24-10.7 24-24V160H248c-13.2 0-24-10.8-24-24zm76.45 211.36l-96.42 95.7c-6.65 6.61-17.39 6.61-24.04 0l-96.42-95.7C73.42 337.29 80.54 320 94.82 320H160v-80c0-8.84 7.16-16 16-16h32c8.84 0 16 7.16 16 16v80h65.18c14.28 0 21.4 17.29 11.27 27.36zM377 105L279.1 7c-4.5-4.5-10.6-7-17-7H256v128h128v-6.1c0-6.3-2.5-12.4-7-16.9z\"><\/path><\/svg>\t\t\t<\/span>\n\t\t\t\t\t\t\t\t\t<span class=\"elementor-button-text\">T\u00e9l\u00e9charger<\/span>\n\t\t\t\t\t<\/span>\n\t\t\t\t\t<\/a>\n\t\t\t\t<\/div>\n\t\t\t\t\t\t\t\t<\/div>\n\t\t\t\t<\/div>\n\t\t\t\t<\/div>\n\t\t\t\t<\/div>\n\t\t\t\t<div class=\"elementor-element elementor-element-d5b54a3 elementor-widget elementor-widget-heading\" data-id=\"d5b54a3\" data-element_type=\"widget\" data-e-type=\"widget\" data-widget_type=\"heading.default\">\n\t\t\t\t<div class=\"elementor-widget-container\">\n\t\t\t\t\t<h2 class=\"elementor-heading-title elementor-size-default\">Communication externe : fa\u00e7onner l'image de marque<\/h2>\t\t\t\t<\/div>\n\t\t\t\t<\/div>\n\t\t\t\t<div class=\"elementor-element elementor-element-d0cc69c elementor-widget elementor-widget-text-editor\" data-id=\"d0cc69c\" data-element_type=\"widget\" data-e-type=\"widget\" data-widget_type=\"text-editor.default\">\n\t\t\t\t<div class=\"elementor-widget-container\">\n\t\t\t\t\t\t\t\t\t<p>La <a href=\"https:\/\/www.jalios.com\/fr\/blog\/tout-ce-quil-faut-savoir-sur-lextranet-definition-avantages-et-mise-en-place\/\">communication externe<\/a> regroupe l&rsquo;ensemble des actions destin\u00e9es aux publics situ\u00e9s en dehors de l&rsquo;entreprise : clients, partenaires, fournisseurs, investisseurs, m\u00e9dias, grand public, etc.<\/p><h3><strong>Objectif de la communication externe<\/strong><\/h3><p>L&rsquo;objectif de la communication externe est double : d\u00e9velopper la notori\u00e9t\u00e9 et construire une image positive de l&rsquo;entreprise, tout en valorisant ses produits, services et valeurs. Elle permet \u00e9galement de se diff\u00e9rencier sur un march\u00e9 concurrentiel et d&rsquo;\u00e9tablir une relation de confiance avec ses parties prenantes.<\/p><p>Les canaux de communication externe incluent les r\u00e9seaux sociaux, les campagnes publicitaires, le site web, les relations presse, les \u00e9v\u00e9nements (salons, conf\u00e9rences), l&#8217;email marketing ou encore les supports de communication imprim\u00e9s.<\/p>\t\t\t\t\t\t\t\t<\/div>\n\t\t\t\t<\/div>\n\t\t\t\t<div class=\"elementor-element elementor-element-f8dcc03 elementor-widget elementor-widget-heading\" data-id=\"f8dcc03\" data-element_type=\"widget\" data-e-type=\"widget\" data-widget_type=\"heading.default\">\n\t\t\t\t<div class=\"elementor-widget-container\">\n\t\t\t\t\t<h2 class=\"elementor-heading-title elementor-size-default\">Les enjeux de la communication interne et externe<\/h2>\t\t\t\t<\/div>\n\t\t\t\t<\/div>\n\t\t\t\t<div class=\"elementor-element elementor-element-a02fb43 elementor-widget elementor-widget-text-editor\" data-id=\"a02fb43\" data-element_type=\"widget\" data-e-type=\"widget\" data-widget_type=\"text-editor.default\">\n\t\t\t\t<div class=\"elementor-widget-container\">\n\t\t\t\t\t\t\t\t\t<p>Les enjeux de la communication en entreprise sont multiples et d\u00e9terminants pour sa performance globale.<\/p><h3><strong>Enjeux de la communication interne<\/strong><\/h3><p><strong><strong style=\"font-size: 16px;\"><span style=\"color: #e83f5c;\">\u2666\u00a0 <\/span><\/strong>Renforcer la coh\u00e9sion<\/strong> : en cr\u00e9ant un climat de confiance et d&rsquo;appartenance.<\/p><p><strong><strong style=\"font-size: 16px;\"><span style=\"color: #e83f5c;\">\u2666\u00a0 <\/span><\/strong>Favoriser l&rsquo;agilit\u00e9 organisationnelle<\/strong> : en facilitant la circulation rapide de l&rsquo;information.<\/p><p><strong><strong style=\"font-size: 16px;\"><span style=\"color: #e83f5c;\">\u2666\u00a0 <\/span><\/strong>Accompagner le changement<\/strong> : en expliquant les \u00e9volutions internes et strat\u00e9giques.<\/p><p><strong><strong style=\"font-size: 16px;\"><span style=\"color: #e83f5c;\">\u2666\u00a0 <\/span><\/strong>Am\u00e9liorer le <a href=\"https:\/\/www.jalios.com\/fr\/solutions\/metiers\/ressources-humaines\/\">bien-\u00eatre au travail<\/a><\/strong> : en valorisant les collaborateurs et en \u00e9vitant les tensions.<\/p><h3><strong>Enjeux de la communication externe<\/strong><\/h3><p><strong><strong style=\"font-size: 16px;\"><span style=\"color: #e83f5c;\">\u2666\u00a0 <\/span><\/strong>D\u00e9velopper la notori\u00e9t\u00e9<\/strong> : pour gagner en visibilit\u00e9 et toucher de nouveaux clients.<\/p><p><strong><strong style=\"font-size: 16px;\"><span style=\"color: #e83f5c;\">\u2666\u00a0 <\/span><\/strong>Construire une image de marque forte<\/strong> : en mettant en avant les valeurs de l&rsquo;entreprise.<\/p><p><strong><strong style=\"font-size: 16px;\"><span style=\"color: #e83f5c;\">\u2666\u00a0 <\/span><\/strong>Fid\u00e9liser les clients et partenaires<\/strong> : en entretenant une relation de confiance et de transparence.<\/p><p><strong><strong style=\"font-size: 16px;\"><span style=\"color: #e83f5c;\">\u2666\u00a0 <\/span><\/strong>G\u00e9rer la r\u00e9putation<\/strong> : en anticipant et r\u00e9pondant efficacement aux crises ou critiques.<\/p>\t\t\t\t\t\t\t\t<\/div>\n\t\t\t\t<\/div>\n\t\t\t\t<div class=\"elementor-element elementor-element-c2e9c3f elementor-hidden-desktop elementor-widget elementor-widget-image\" data-id=\"c2e9c3f\" data-element_type=\"widget\" data-e-type=\"widget\" data-widget_type=\"image.default\">\n\t\t\t\t<div class=\"elementor-widget-container\">\n\t\t\t\t\t\t\t\t\t\t\t\t\t\t\t<img decoding=\"async\" width=\"703\" height=\"408\" src=\"https:\/\/www.jalios.com\/fr\/wp-content\/uploads\/2025\/05\/tableau-communication.png\" class=\"attachment-large size-large wp-image-25048\" alt=\"\" srcset=\"https:\/\/www.jalios.com\/fr\/wp-content\/uploads\/2025\/05\/tableau-communication.png 703w, https:\/\/www.jalios.com\/fr\/wp-content\/uploads\/2025\/05\/tableau-communication-300x174.png 300w\" sizes=\"(max-width: 703px) 100vw, 703px\">\t\t\t\t\t\t\t\t\t\t\t\t\t\t\t<\/div>\n\t\t\t\t<\/div>\n\t\t\t\t<div class=\"elementor-element elementor-element-c218a48 elementor-hidden-tablet elementor-hidden-mobile elementor-widget elementor-widget-html\" data-id=\"c218a48\" data-element_type=\"widget\" data-e-type=\"widget\" data-widget_type=\"html.default\">\n\t\t\t\t<div class=\"elementor-widget-container\">\n\t\t\t\t\t<style>\r\n  .comparatif-table {\r\n    width: 100%;\r\n    border-collapse: collapse;\r\n    font-family: Arial, sans-serif;\r\n  }\r\n\r\n  .comparatif-table th,\r\n  .comparatif-table td {\r\n    border: 1px solid #ddd;\r\n    padding: 12px 15px;\r\n    text-align: left;\r\n  }\r\n\r\n  .comparatif-table th {\r\n    background-color: #000;\r\n    color: #fff;\r\n    font-weight: bold;\r\n  }\r\n\r\n  .comparatif-table tr:nth-child(even) {\r\n    background-color: #f9f9f9;\r\n  }\r\n\r\n  .comparatif-table tr:hover {\r\n    background-color: #f1f1f1;\r\n  }\r\n\r\n\r\n  }\r\n<\/style>\r\n\r\n\r\n<table class=\"comparatif-table\">\r\n  <thead>\r\n    <tr>\r\n      <th>Crit\u00e8res<\/th>\r\n      <th>Communication interne<\/th>\r\n      <th>Communication externe<\/th>\r\n    <\/tr>\r\n  <\/thead>\r\n  <tbody>\r\n    <tr>\r\n      <td>Public cibl\u00e9<\/td>\r\n      <td>Collaborateurs<\/td>\r\n      <td>Clients, fournisseurs, investisseurs, m\u00e9dias<\/td>\r\n    <\/tr>\r\n    <tr>\r\n      <td>Objectifs principaux<\/td>\r\n      <td>Engagement, information, coh\u00e9sion<\/td>\r\n      <td>Image, notori\u00e9t\u00e9, relation client<\/td>\r\n    <\/tr>\r\n    <tr>\r\n      <td>Canaux utilis\u00e9s<\/td>\r\n      <td>Intranet, newsletter, emails, r\u00e9unions, outils collaboratifs<\/td>\r\n      <td>Site web, r\u00e9seaux sociaux, publicit\u00e9, newsletter<\/td>\r\n    <\/tr>\r\n    <tr>\r\n      <td>Fr\u00e9quence<\/td>\r\n      <td>Quotidienne ou hebdomadaire<\/td>\r\n      <td>Selon les campagnes et besoins strat\u00e9giques<\/td>\r\n    <\/tr>\r\n    <tr>\r\n      <td>Indicateurs de performance<\/td>\r\n      <td>Climat social, taux d'engagement<\/td>\r\n      <td>Trafic web, taux de conversion, notori\u00e9t\u00e9<\/td>\r\n    <\/tr>\r\n  <\/tbody>\r\n<\/table>\r\n\t\t\t\t<\/div>\n\t\t\t\t<\/div>\n\t\t\t\t<div class=\"elementor-element elementor-element-1f44d4c elementor-widget elementor-widget-heading\" data-id=\"1f44d4c\" data-element_type=\"widget\" data-e-type=\"widget\" data-widget_type=\"heading.default\">\n\t\t\t\t<div class=\"elementor-widget-container\">\n\t\t\t\t\t<h2 class=\"elementor-heading-title elementor-size-default\">Des alli\u00e9es strat\u00e9giques : la combinaison gagnante<\/h2>\t\t\t\t<\/div>\n\t\t\t\t<\/div>\n\t\t\t\t<div class=\"elementor-element elementor-element-bc83f07 elementor-widget elementor-widget-text-editor\" data-id=\"bc83f07\" data-element_type=\"widget\" data-e-type=\"widget\" data-widget_type=\"text-editor.default\">\n\t\t\t\t<div class=\"elementor-widget-container\">\n\t\t\t\t\t\t\t\t\t<p>Communication interne et externe ne s&rsquo;opposent pas : <strong>elles se compl\u00e8tent<\/strong>. En combinant les deux, l&rsquo;entreprise construit une communication globale coh\u00e9rente.<\/p><p><strong><strong style=\"font-size: 16px;\"><span style=\"color: #e83f5c;\">\u2666\u00a0 <\/span><\/strong>Coh\u00e9rence des messages<\/strong> : les collaborateurs bien inform\u00e9s deviennent les premiers ambassadeurs de l&rsquo;entreprise.<\/p><p><strong><strong style=\"font-size: 16px;\"><span style=\"color: #e83f5c;\">\u2666\u00a0 <\/span><\/strong>Renforcement de la culture d&rsquo;entreprise<\/strong> : une communication interne forte nourrit l&rsquo;identit\u00e9 de l&rsquo;entreprise, que la communication externe peut ensuite relayer.<\/p><p><strong><strong style=\"font-size: 16px;\"><span style=\"color: #e83f5c;\">\u2666\u00a0 <\/span><\/strong>Agilit\u00e9 en p\u00e9riode de crise<\/strong> : une bonne coordination entre les deux communications permet de r\u00e9agir rapidement et efficacement.<\/p><p>Une strat\u00e9gie de communication gagnante repose donc sur l&rsquo;alignement des discours internes et externes, la transparence et la valorisation des ressources humaines.<\/p>\t\t\t\t\t\t\t\t<\/div>\n\t\t\t\t<\/div>\n\t\t\t\t<div class=\"elementor-element elementor-element-051c0e8 elementor-widget elementor-widget-heading\" data-id=\"051c0e8\" data-element_type=\"widget\" data-e-type=\"widget\" data-widget_type=\"heading.default\">\n\t\t\t\t<div class=\"elementor-widget-container\">\n\t\t\t\t\t<h2 class=\"elementor-heading-title elementor-size-default\">Intranet vs Extranet : deux plateformes cl\u00e9s <\/h2>\t\t\t\t<\/div>\n\t\t\t\t<\/div>\n\t\t\t\t<div class=\"elementor-element elementor-element-3159493 elementor-widget elementor-widget-text-editor\" data-id=\"3159493\" data-element_type=\"widget\" data-e-type=\"widget\" data-widget_type=\"text-editor.default\">\n\t\t\t\t<div class=\"elementor-widget-container\">\n\t\t\t\t\t\t\t\t\t<p>Pour soutenir leurs strat\u00e9gies de communication, les entreprises ont recours \u00e0 des outils digitaux performants : l&rsquo;intranet et l&rsquo;extranet.<\/p><p><strong><strong style=\"font-size: 16px;\"><span style=\"color: #e83f5c;\">\u2666\u00a0 <\/span><\/strong>L&rsquo;<a href=\"https:\/\/www.jalios.com\/fr\/produits\/intranet\/\">intranet<\/a><\/strong> est une plateforme priv\u00e9e, accessible uniquement par les collaborateurs de l&rsquo;entreprise. Il permet de centraliser les informations internes, faciliter le travail collaboratif et renforcer la culture d&rsquo;entreprise.<\/p><p><strong><strong style=\"font-size: 16px;\"><span style=\"color: #e83f5c;\">\u2666\u00a0 <\/span><\/strong>L&rsquo;<a href=\"https:\/\/www.jalios.com\/fr\/solutions\/cas-d-usage\/extranet\/\">extranet<\/a><\/strong>, quant \u00e0 lui, est une extension de l&rsquo;intranet vers l&rsquo;ext\u00e9rieur. Il permet \u00e0 des partenaires, fournisseurs ou clients de se connecter \u00e0 une interface s\u00e9curis\u00e9e pour acc\u00e9der \u00e0 des donn\u00e9es partag\u00e9es.<\/p><p>Ces deux outils sont essentiels pour optimiser la communication interne et externe de mani\u00e8re fluide, personnalis\u00e9e et s\u00e9curis\u00e9e.<\/p>\t\t\t\t\t\t\t\t<\/div>\n\t\t\t\t<\/div>\n\t\t\t\t<div class=\"elementor-element elementor-element-ce1be1f elementor-widget elementor-widget-heading\" data-id=\"ce1be1f\" data-element_type=\"widget\" data-e-type=\"widget\" data-widget_type=\"heading.default\">\n\t\t\t\t<div class=\"elementor-widget-container\">\n\t\t\t\t\t<h2 class=\"elementor-heading-title elementor-size-default\">R\u00e9capitulatif<\/h2>\t\t\t\t<\/div>\n\t\t\t\t<\/div>\n\t\t\t\t<div class=\"elementor-element elementor-element-b797537 elementor-widget elementor-widget-text-editor\" data-id=\"b797537\" data-element_type=\"widget\" data-e-type=\"widget\" data-widget_type=\"text-editor.default\">\n\t\t\t\t<div class=\"elementor-widget-container\">\n\t\t\t\t\t\t\t\t\t<p>La communication interne et la communication externe remplissent chacune des<strong> r\u00f4les indispensables<\/strong> dans la strat\u00e9gie globale de l&rsquo;entreprise. Tandis que l&rsquo;une engage et mobilise les collaborateurs, l&rsquo;autre s&rsquo;attache \u00e0 s\u00e9duire et convaincre les publics ext\u00e9rieurs.<\/p><p>Bien utilis\u00e9es et align\u00e9es, elles cr\u00e9ent une dynamique vertueuse qui <strong>renforce la performance globale, l&rsquo;image de marque et la r\u00e9silience organisationnelle.<\/strong><\/p>\t\t\t\t\t\t\t\t<\/div>\n\t\t\t\t<\/div>\n\t\t\t\t<div class=\"elementor-element elementor-element-49ce4d5 elementor-widget elementor-widget-heading\" data-id=\"49ce4d5\" data-element_type=\"widget\" data-e-type=\"widget\" data-widget_type=\"heading.default\">\n\t\t\t\t<div class=\"elementor-widget-container\">\n\t\t\t\t\t<h2 class=\"elementor-heading-title elementor-size-default\">FAQ<\/h2>\t\t\t\t<\/div>\n\t\t\t\t<\/div>\n\t\t\t\t<div class=\"elementor-element elementor-element-bf9d284 elementor-widget elementor-widget-n-accordion\" data-id=\"bf9d284\" data-element_type=\"widget\" data-e-type=\"widget\" data-settings=\"{&quot;default_state&quot;:&quot;expanded&quot;,&quot;max_items_expended&quot;:&quot;one&quot;,&quot;n_accordion_animation_duration&quot;:{&quot;unit&quot;:&quot;ms&quot;,&quot;size&quot;:400,&quot;sizes&quot;:[]}}\" data-widget_type=\"nested-accordion.default\">\n\t\t\t\t<div class=\"elementor-widget-container\">\n\t\t\t\t\t\t\t<div class=\"e-n-accordion\" aria-label=\"Accordion. Open links with Enter or Space, close with Escape, and navigate with Arrow Keys\">\n\t\t\t\t\t\t<details id=\"e-n-accordion-item-2000\" class=\"e-n-accordion-item\" open>\n\t\t\t\t<summary class=\"e-n-accordion-item-title\" data-accordion-index=\"1\" tabindex=\"0\" aria-expanded=\"true\" aria-controls=\"e-n-accordion-item-2000\" >\n\t\t\t\t\t<span class='e-n-accordion-item-title-header'><p class=\"e-n-accordion-item-title-text\"> Quelle est la principale diff\u00e9rence entre communication interne et externe ? <\/p><\/span>\n\t\t\t\t\t\t\t<span class='e-n-accordion-item-title-icon'>\n\t\t\t<span class='e-opened' ><svg aria-hidden=\"true\" class=\"e-font-icon-svg e-fas-minus\" viewBox=\"0 0 448 512\" xmlns=\"http:\/\/www.w3.org\/2000\/svg\"><path d=\"M416 208H32c-17.67 0-32 14.33-32 32v32c0 17.67 14.33 32 32 32h384c17.67 0 32-14.33 32-32v-32c0-17.67-14.33-32-32-32z\"><\/path><\/svg><\/span>\n\t\t\t<span class='e-closed'><svg aria-hidden=\"true\" class=\"e-font-icon-svg e-fas-plus\" viewBox=\"0 0 448 512\" xmlns=\"http:\/\/www.w3.org\/2000\/svg\"><path d=\"M416 208H272V64c0-17.67-14.33-32-32-32h-32c-17.67 0-32 14.33-32 32v144H32c-17.67 0-32 14.33-32 32v32c0 17.67 14.33 32 32 32h144v144c0 17.67 14.33 32 32 32h32c17.67 0 32-14.33 32-32V304h144c17.67 0 32-14.33 32-32v-32c0-17.67-14.33-32-32-32z\"><\/path><\/svg><\/span>\n\t\t<\/span>\n\n\t\t\t\t\t\t<\/summary>\n\t\t\t\t<div role=\"region\" aria-labelledby=\"e-n-accordion-item-2000\" class=\"elementor-element elementor-element-1039e61 e-con-full e-flex e-con e-child\" data-id=\"1039e61\" data-element_type=\"container\" data-e-type=\"container\">\n\t\t\t\t<div class=\"elementor-element elementor-element-95f7058 elementor-widget elementor-widget-text-editor\" data-id=\"95f7058\" data-element_type=\"widget\" data-e-type=\"widget\" data-widget_type=\"text-editor.default\">\n\t\t\t\t<div class=\"elementor-widget-container\">\n\t\t\t\t\t\t\t\t\t<p>La communication interne s&rsquo;adresse aux collaborateurs de l&rsquo;entreprise, tandis que la communication externe vise les parties prenantes ext\u00e9rieures.<\/p>\t\t\t\t\t\t\t\t<\/div>\n\t\t\t\t<\/div>\n\t\t\t\t<\/div>\n\t\t\t\t\t<\/details>\n\t\t\t\t\t\t<details id=\"e-n-accordion-item-2001\" class=\"e-n-accordion-item\" >\n\t\t\t\t<summary class=\"e-n-accordion-item-title\" data-accordion-index=\"2\" tabindex=\"-1\" aria-expanded=\"false\" aria-controls=\"e-n-accordion-item-2001\" >\n\t\t\t\t\t<span class='e-n-accordion-item-title-header'><p class=\"e-n-accordion-item-title-text\"> Quels sont les objectifs de la communication en entreprise ? <\/p><\/span>\n\t\t\t\t\t\t\t<span class='e-n-accordion-item-title-icon'>\n\t\t\t<span class='e-opened' ><svg aria-hidden=\"true\" class=\"e-font-icon-svg e-fas-minus\" viewBox=\"0 0 448 512\" xmlns=\"http:\/\/www.w3.org\/2000\/svg\"><path d=\"M416 208H32c-17.67 0-32 14.33-32 32v32c0 17.67 14.33 32 32 32h384c17.67 0 32-14.33 32-32v-32c0-17.67-14.33-32-32-32z\"><\/path><\/svg><\/span>\n\t\t\t<span class='e-closed'><svg aria-hidden=\"true\" class=\"e-font-icon-svg e-fas-plus\" viewBox=\"0 0 448 512\" xmlns=\"http:\/\/www.w3.org\/2000\/svg\"><path d=\"M416 208H272V64c0-17.67-14.33-32-32-32h-32c-17.67 0-32 14.33-32 32v144H32c-17.67 0-32 14.33-32 32v32c0 17.67 14.33 32 32 32h144v144c0 17.67 14.33 32 32 32h32c17.67 0 32-14.33 32-32V304h144c17.67 0 32-14.33 32-32v-32c0-17.67-14.33-32-32-32z\"><\/path><\/svg><\/span>\n\t\t<\/span>\n\n\t\t\t\t\t\t<\/summary>\n\t\t\t\t<div role=\"region\" aria-labelledby=\"e-n-accordion-item-2001\" class=\"elementor-element elementor-element-0ff4494 e-con-full e-flex e-con e-child\" data-id=\"0ff4494\" data-element_type=\"container\" data-e-type=\"container\">\n\t\t\t\t<div class=\"elementor-element elementor-element-5568f4d elementor-widget elementor-widget-text-editor\" data-id=\"5568f4d\" data-element_type=\"widget\" data-e-type=\"widget\" data-widget_type=\"text-editor.default\">\n\t\t\t\t<div class=\"elementor-widget-container\">\n\t\t\t\t\t\t\t\t\t<p>Informer, engager, motiver, construire l&rsquo;image de marque, g\u00e9rer la r\u00e9putation et renforcer les liens avec les publics cibles.<\/p>\t\t\t\t\t\t\t\t<\/div>\n\t\t\t\t<\/div>\n\t\t\t\t<\/div>\n\t\t\t\t\t<\/details>\n\t\t\t\t\t\t<details id=\"e-n-accordion-item-2002\" class=\"e-n-accordion-item\" >\n\t\t\t\t<summary class=\"e-n-accordion-item-title\" data-accordion-index=\"3\" tabindex=\"-1\" aria-expanded=\"false\" aria-controls=\"e-n-accordion-item-2002\" >\n\t\t\t\t\t<span class='e-n-accordion-item-title-header'><p class=\"e-n-accordion-item-title-text\"> Pourquoi combiner communication interne et externe ? <\/p><\/span>\n\t\t\t\t\t\t\t<span class='e-n-accordion-item-title-icon'>\n\t\t\t<span class='e-opened' ><svg aria-hidden=\"true\" class=\"e-font-icon-svg e-fas-minus\" viewBox=\"0 0 448 512\" xmlns=\"http:\/\/www.w3.org\/2000\/svg\"><path d=\"M416 208H32c-17.67 0-32 14.33-32 32v32c0 17.67 14.33 32 32 32h384c17.67 0 32-14.33 32-32v-32c0-17.67-14.33-32-32-32z\"><\/path><\/svg><\/span>\n\t\t\t<span class='e-closed'><svg aria-hidden=\"true\" class=\"e-font-icon-svg e-fas-plus\" viewBox=\"0 0 448 512\" xmlns=\"http:\/\/www.w3.org\/2000\/svg\"><path d=\"M416 208H272V64c0-17.67-14.33-32-32-32h-32c-17.67 0-32 14.33-32 32v144H32c-17.67 0-32 14.33-32 32v32c0 17.67 14.33 32 32 32h144v144c0 17.67 14.33 32 32 32h32c17.67 0 32-14.33 32-32V304h144c17.67 0 32-14.33 32-32v-32c0-17.67-14.33-32-32-32z\"><\/path><\/svg><\/span>\n\t\t<\/span>\n\n\t\t\t\t\t\t<\/summary>\n\t\t\t\t<div role=\"region\" aria-labelledby=\"e-n-accordion-item-2002\" class=\"elementor-element elementor-element-9ff9810 e-con-full e-flex e-con e-child\" data-id=\"9ff9810\" data-element_type=\"container\" data-e-type=\"container\">\n\t\t\t\t<div class=\"elementor-element elementor-element-626ff0d elementor-widget elementor-widget-text-editor\" data-id=\"626ff0d\" data-element_type=\"widget\" data-e-type=\"widget\" data-widget_type=\"text-editor.default\">\n\t\t\t\t<div class=\"elementor-widget-container\">\n\t\t\t\t\t\t\t\t\t<p>Parce qu&rsquo;une strat\u00e9gie globale align\u00e9e favorise la coh\u00e9rence des messages, l&rsquo;engagement des collaborateurs et la cr\u00e9dibilit\u00e9 de l&rsquo;entreprise.<\/p>\t\t\t\t\t\t\t\t<\/div>\n\t\t\t\t<\/div>\n\t\t\t\t<\/div>\n\t\t\t\t\t<\/details>\n\t\t\t\t\t\t<details id=\"e-n-accordion-item-2003\" class=\"e-n-accordion-item\" >\n\t\t\t\t<summary class=\"e-n-accordion-item-title\" data-accordion-index=\"4\" tabindex=\"-1\" aria-expanded=\"false\" aria-controls=\"e-n-accordion-item-2003\" >\n\t\t\t\t\t<span class='e-n-accordion-item-title-header'><p class=\"e-n-accordion-item-title-text\"> Quelle est la diff\u00e9rence entre intranet et extranet ? <\/p><\/span>\n\t\t\t\t\t\t\t<span class='e-n-accordion-item-title-icon'>\n\t\t\t<span class='e-opened' ><svg aria-hidden=\"true\" class=\"e-font-icon-svg e-fas-minus\" viewBox=\"0 0 448 512\" xmlns=\"http:\/\/www.w3.org\/2000\/svg\"><path d=\"M416 208H32c-17.67 0-32 14.33-32 32v32c0 17.67 14.33 32 32 32h384c17.67 0 32-14.33 32-32v-32c0-17.67-14.33-32-32-32z\"><\/path><\/svg><\/span>\n\t\t\t<span class='e-closed'><svg aria-hidden=\"true\" class=\"e-font-icon-svg e-fas-plus\" viewBox=\"0 0 448 512\" xmlns=\"http:\/\/www.w3.org\/2000\/svg\"><path d=\"M416 208H272V64c0-17.67-14.33-32-32-32h-32c-17.67 0-32 14.33-32 32v144H32c-17.67 0-32 14.33-32 32v32c0 17.67 14.33 32 32 32h144v144c0 17.67 14.33 32 32 32h32c17.67 0 32-14.33 32-32V304h144c17.67 0 32-14.33 32-32v-32c0-17.67-14.33-32-32-32z\"><\/path><\/svg><\/span>\n\t\t<\/span>\n\n\t\t\t\t\t\t<\/summary>\n\t\t\t\t<div role=\"region\" aria-labelledby=\"e-n-accordion-item-2003\" class=\"elementor-element elementor-element-2830afd e-flex e-con-boxed e-con e-child\" data-id=\"2830afd\" data-element_type=\"container\" data-e-type=\"container\">\n\t\t\t\t\t<div class=\"e-con-inner\">\n\t\t\t\t<div class=\"elementor-element elementor-element-74aba70 elementor-widget elementor-widget-text-editor\" data-id=\"74aba70\" data-element_type=\"widget\" data-e-type=\"widget\" data-widget_type=\"text-editor.default\">\n\t\t\t\t<div class=\"elementor-widget-container\">\n\t\t\t\t\t\t\t\t\t<p>L&rsquo;intranet est un outil interne r\u00e9serv\u00e9 aux salari\u00e9s, tandis que l&rsquo;extranet est une interface s\u00e9curis\u00e9e partag\u00e9e avec des partenaires externes.<\/p>\t\t\t\t\t\t\t\t<\/div>\n\t\t\t\t<\/div>\n\t\t\t\t\t<\/div>\n\t\t\t\t<\/div>\n\t\t\t\t\t<\/details>\n\t\t\t\t\t\t<details id=\"e-n-accordion-item-2004\" class=\"e-n-accordion-item\" >\n\t\t\t\t<summary class=\"e-n-accordion-item-title\" data-accordion-index=\"5\" tabindex=\"-1\" aria-expanded=\"false\" aria-controls=\"e-n-accordion-item-2004\" >\n\t\t\t\t\t<span class='e-n-accordion-item-title-header'><p class=\"e-n-accordion-item-title-text\"> Quels sont les enjeux de la communication ? <\/p><\/span>\n\t\t\t\t\t\t\t<span class='e-n-accordion-item-title-icon'>\n\t\t\t<span class='e-opened' ><svg aria-hidden=\"true\" class=\"e-font-icon-svg e-fas-minus\" viewBox=\"0 0 448 512\" xmlns=\"http:\/\/www.w3.org\/2000\/svg\"><path d=\"M416 208H32c-17.67 0-32 14.33-32 32v32c0 17.67 14.33 32 32 32h384c17.67 0 32-14.33 32-32v-32c0-17.67-14.33-32-32-32z\"><\/path><\/svg><\/span>\n\t\t\t<span class='e-closed'><svg aria-hidden=\"true\" class=\"e-font-icon-svg e-fas-plus\" viewBox=\"0 0 448 512\" xmlns=\"http:\/\/www.w3.org\/2000\/svg\"><path d=\"M416 208H272V64c0-17.67-14.33-32-32-32h-32c-17.67 0-32 14.33-32 32v144H32c-17.67 0-32 14.33-32 32v32c0 17.67 14.33 32 32 32h144v144c0 17.67 14.33 32 32 32h32c17.67 0 32-14.33 32-32V304h144c17.67 0 32-14.33 32-32v-32c0-17.67-14.33-32-32-32z\"><\/path><\/svg><\/span>\n\t\t<\/span>\n\n\t\t\t\t\t\t<\/summary>\n\t\t\t\t<div role=\"region\" aria-labelledby=\"e-n-accordion-item-2004\" class=\"elementor-element elementor-element-9dd1e11 e-flex e-con-boxed e-con e-child\" data-id=\"9dd1e11\" data-element_type=\"container\" data-e-type=\"container\">\n\t\t\t\t\t<div class=\"e-con-inner\">\n\t\t\t\t<div class=\"elementor-element elementor-element-a8f9d52 elementor-widget elementor-widget-text-editor\" data-id=\"a8f9d52\" data-element_type=\"widget\" data-e-type=\"widget\" data-widget_type=\"text-editor.default\">\n\t\t\t\t<div class=\"elementor-widget-container\">\n\t\t\t\t\t\t\t\t\t<p>Am\u00e9liorer la performance, g\u00e9rer le changement, renforcer l&rsquo;engagement, d\u00e9velopper l&rsquo;image de marque et se diff\u00e9rencier de la concurrence.<\/p>\t\t\t\t\t\t\t\t<\/div>\n\t\t\t\t<\/div>\n\t\t\t\t\t<\/div>\n\t\t\t\t<\/div>\n\t\t\t\t\t<\/details>\n\t\t\t\t\t<\/div>\n\t\t\t\t\t\t<\/div>\n\t\t\t\t<\/div>\n\t\t<div class=\"elementor-element elementor-element-bcce42a e-con-full e-flex e-con e-child\" data-id=\"bcce42a\" data-element_type=\"container\" data-e-type=\"container\" data-settings=\"{&quot;background_background&quot;:&quot;classic&quot;}\">\n\t\t\t\t<div class=\"elementor-element elementor-element-de6cdf8 elementor-widget elementor-widget-heading\" data-id=\"de6cdf8\" data-element_type=\"widget\" data-e-type=\"widget\" data-widget_type=\"heading.default\">\n\t\t\t\t<div class=\"elementor-widget-container\">\n\t\t\t\t\t<h3 class=\"elementor-heading-title elementor-size-default\">D\u00e9couvrez Jalios Intranet<\/h3>\t\t\t\t<\/div>\n\t\t\t\t<\/div>\n\t\t\t\t<div class=\"elementor-element elementor-element-95592fe elementor-widget elementor-widget-text-editor\" data-id=\"95592fe\" data-element_type=\"widget\" data-e-type=\"widget\" data-widget_type=\"text-editor.default\">\n\t\t\t\t<div class=\"elementor-widget-container\">\n\t\t\t\t\t\t\t\t\t<p>La bonne information \u00e0 la bonne personne au bon moment. Une parfaite\u00a0<strong>communication<\/strong>\u00a0et rien d\u2019autre\u00a0!<\/p>\t\t\t\t\t\t\t\t<\/div>\n\t\t\t\t<\/div>\n\t\t\t\t<div class=\"elementor-element elementor-element-52ef6e3 elementor-align-left elementor-widget elementor-widget-button\" data-id=\"52ef6e3\" data-element_type=\"widget\" data-e-type=\"widget\" data-widget_type=\"button.default\">\n\t\t\t\t<div class=\"elementor-widget-container\">\n\t\t\t\t\t\t\t\t\t<div class=\"elementor-button-wrapper\">\n\t\t\t\t\t<a class=\"elementor-button elementor-button-link elementor-size-sm\" href=\"https:\/\/www.jalios.com\/fr\/produits\/intranet\/\">\n\t\t\t\t\t\t<span class=\"elementor-button-content-wrapper\">\n\t\t\t\t\t\t\t\t\t<span class=\"elementor-button-text\">D\u00e9couvrir<\/span>\n\t\t\t\t\t<\/span>\n\t\t\t\t\t<\/a>\n\t\t\t\t<\/div>\n\t\t\t\t\t\t\t\t<\/div>\n\t\t\t\t<\/div>\n\t\t\t\t<\/div>\n\t\t\t\t\t<\/div>\n\t\t\t\t<\/div>\n\t\t\t\t<\/div>\n\t\t","protected":false},"excerpt":{"rendered":"<p>Pour \u00eatre de plus en plus efficaces, les entreprises doivent non seulement parler \u00e0 leurs collaborateurs, mais aussi \u00e0 leur \u00e9cosyst\u00e8me externe. C&rsquo;est ici que la distinction entre communication interne et externe prend tout son sens. Comprendre leurs sp\u00e9cificit\u00e9s, objectifs et enjeux est fondamental pour b\u00e2tir une strat\u00e9gie de communication coh\u00e9rente et performante. Communication interne [&hellip;]<\/p>\n","protected":false},"author":2,"featured_media":25042,"comment_status":"closed","ping_status":"open","sticky":false,"template":"","format":"standard","meta":{"_acf_changed":false,"content-type":"","site-sidebar-layout":"default","site-content-layout":"","ast-site-content-layout":"default","site-content-style":"default","site-sidebar-style":"default","ast-global-header-display":"","ast-banner-title-visibility":"","ast-main-header-display":"","ast-hfb-above-header-display":"","ast-hfb-below-header-display":"","ast-hfb-mobile-header-display":"","site-post-title":"","ast-breadcrumbs-content":"","ast-featured-img":"","footer-sml-layout":"","ast-disable-related-posts":"","theme-transparent-header-meta":"","adv-header-id-meta":"","stick-header-meta":"","header-above-stick-meta":"","header-main-stick-meta":"","header-below-stick-meta":"","astra-migrate-meta-layouts":"set","ast-page-background-enabled":"default","ast-page-background-meta":{"desktop":{"background-color":"var(--ast-global-color-4)","background-image":"","background-repeat":"repeat","background-position":"center center","background-size":"auto","background-attachment":"scroll","background-type":"","background-media":"","overlay-type":"","overlay-color":"","overlay-opacity":"","overlay-gradient":""},"tablet":{"background-color":"","background-image":"","background-repeat":"repeat","background-position":"center center","background-size":"auto","background-attachment":"scroll","background-type":"","background-media":"","overlay-type":"","overlay-color":"","overlay-opacity":"","overlay-gradient":""},"mobile":{"background-color":"","background-image":"","background-repeat":"repeat","background-position":"center center","background-size":"auto","background-attachment":"scroll","background-type":"","background-media":"","overlay-type":"","overlay-color":"","overlay-opacity":"","overlay-gradient":""}},"ast-content-background-meta":{"desktop":{"background-color":"var(--ast-global-color-5)","background-image":"","background-repeat":"repeat","background-position":"center center","background-size":"auto","background-attachment":"scroll","background-type":"","background-media":"","overlay-type":"","overlay-color":"","overlay-opacity":"","overlay-gradient":""},"tablet":{"background-color":"var(--ast-global-color-5)","background-image":"","background-repeat":"repeat","background-position":"center center","background-size":"auto","background-attachment":"scroll","background-type":"","background-media":"","overlay-type":"","overlay-color":"","overlay-opacity":"","overlay-gradient":""},"mobile":{"background-color":"var(--ast-global-color-5)","background-image":"","background-repeat":"repeat","background-position":"center center","background-size":"auto","background-attachment":"scroll","background-type":"","background-media":"","overlay-type":"","overlay-color":"","overlay-opacity":"","overlay-gradient":""}},"footnotes":""},"categories":[51,86],"tags":[39],"class_list":["post-25041","post","type-post","status-publish","format-standard","has-post-thumbnail","hentry","category-blog","category-articles","tag-communication"],"acf":[],"_links":{"self":[{"href":"https:\/\/www.jalios.com\/fr\/wp-json\/wp\/v2\/posts\/25041","targetHints":{"allow":["GET"]}}],"collection":[{"href":"https:\/\/www.jalios.com\/fr\/wp-json\/wp\/v2\/posts"}],"about":[{"href":"https:\/\/www.jalios.com\/fr\/wp-json\/wp\/v2\/types\/post"}],"author":[{"embeddable":true,"href":"https:\/\/www.jalios.com\/fr\/wp-json\/wp\/v2\/users\/2"}],"replies":[{"embeddable":true,"href":"https:\/\/www.jalios.com\/fr\/wp-json\/wp\/v2\/comments?post=25041"}],"version-history":[{"count":25,"href":"https:\/\/www.jalios.com\/fr\/wp-json\/wp\/v2\/posts\/25041\/revisions"}],"predecessor-version":[{"id":27808,"href":"https:\/\/www.jalios.com\/fr\/wp-json\/wp\/v2\/posts\/25041\/revisions\/27808"}],"wp:featuredmedia":[{"embeddable":true,"href":"https:\/\/www.jalios.com\/fr\/wp-json\/wp\/v2\/media\/25042"}],"wp:attachment":[{"href":"https:\/\/www.jalios.com\/fr\/wp-json\/wp\/v2\/media?parent=25041"}],"wp:term":[{"taxonomy":"category","embeddable":true,"href":"https:\/\/www.jalios.com\/fr\/wp-json\/wp\/v2\/categories?post=25041"},{"taxonomy":"post_tag","embeddable":true,"href":"https:\/\/www.jalios.com\/fr\/wp-json\/wp\/v2\/tags?post=25041"}],"curies":[{"name":"wp","href":"https:\/\/api.w.org\/{rel}","templated":true}]}}