{"id":24017,"date":"2025-03-07T14:48:40","date_gmt":"2025-03-07T13:48:40","guid":{"rendered":"https:\/\/www.jalios.com\/fr\/?p=24017"},"modified":"2025-07-18T12:04:41","modified_gmt":"2025-07-18T10:04:41","slug":"jalios-au-capcom-communication-interne-2025-reinventer-la-communication-interne-des-collectivites","status":"publish","type":"post","link":"https:\/\/www.jalios.com\/fr\/events\/jalios-au-capcom-communication-interne-2025-reinventer-la-communication-interne-des-collectivites\/","title":{"rendered":"Jalios au CapCom communication interne 2025 : r\u00e9inventer la communication interne des collectivit\u00e9s"},"content":{"rendered":"\t\t<div data-elementor-type=\"wp-post\" data-elementor-id=\"24017\" class=\"elementor elementor-24017\" data-elementor-post-type=\"post\">\n\t\t\t\t<div class=\"elementor-element elementor-element-6d0d1910 e-flex e-con-boxed e-con e-parent\" data-id=\"6d0d1910\" data-element_type=\"container\" data-e-type=\"container\">\n\t\t\t\t\t<div class=\"e-con-inner\">\n\t\t\t\t<div class=\"elementor-element elementor-element-6aede36 elementor-widget elementor-widget-button\" data-id=\"6aede36\" data-element_type=\"widget\" data-e-type=\"widget\" data-widget_type=\"button.default\">\n\t\t\t\t<div class=\"elementor-widget-container\">\n\t\t\t\t\t\t\t\t\t<div class=\"elementor-button-wrapper\">\n\t\t\t\t\t<a class=\"elementor-button elementor-button-link elementor-size-sm\" href=\"https:\/\/www.jalios.com\/fr\/blog\/retour-sur-la-18e-edition-des-rencontres-nationales-de-la-communication-interne\/\">\n\t\t\t\t\t\t<span class=\"elementor-button-content-wrapper\">\n\t\t\t\t\t\t\t\t\t<span class=\"elementor-button-text\">Retour sur l'\u00e9v\u00e9nement<\/span>\n\t\t\t\t\t<\/span>\n\t\t\t\t\t<\/a>\n\t\t\t\t<\/div>\n\t\t\t\t\t\t\t\t<\/div>\n\t\t\t\t<\/div>\n\t\t\t\t<div class=\"elementor-element elementor-element-2eb09efe elementor-widget elementor-widget-image\" data-id=\"2eb09efe\" data-element_type=\"widget\" data-e-type=\"widget\" data-widget_type=\"image.default\">\n\t\t\t\t<div class=\"elementor-widget-container\">\n\t\t\t\t\t\t\t\t\t\t\t\t\t\t\t<img fetchpriority=\"high\" decoding=\"async\" width=\"650\" height=\"100\" src=\"https:\/\/www.jalios.com\/fr\/wp-content\/uploads\/2025\/03\/Coter-numerique-FR-1.png\" class=\"attachment-large size-large wp-image-24021\" alt=\"\" srcset=\"https:\/\/www.jalios.com\/fr\/wp-content\/uploads\/2025\/03\/Coter-numerique-FR-1.png 650w, https:\/\/www.jalios.com\/fr\/wp-content\/uploads\/2025\/03\/Coter-numerique-FR-1-300x46.png 300w\" sizes=\"(max-width: 650px) 100vw, 650px\">\t\t\t\t\t\t\t\t\t\t\t\t\t\t\t<\/div>\n\t\t\t\t<\/div>\n\t\t\t\t<div class=\"elementor-element elementor-element-ffc8d1c elementor-widget elementor-widget-text-editor\" data-id=\"ffc8d1c\" data-element_type=\"widget\" data-e-type=\"widget\" data-widget_type=\"text-editor.default\">\n\t\t\t\t<div class=\"elementor-widget-container\">\n\t\t\t\t\t\t\t\t\t<p>Rejoignez Jalios \u00e0 la 18<sup>e<\/sup> \u00e9dition des <a href=\"https:\/\/www.cap-com.org\/rencontres-nationales-de-la-communication-interne-2025\" target=\"_blank\" rel=\"noopener\"><strong>Rencontres Nationales de la Communication Interne 2025<\/strong><\/a>, un rendez-vous majeur d\u00e9di\u00e9 aux professionnels de la communication interne dans le secteur public. Cet \u00e9v\u00e9nement, organis\u00e9 par <strong>Cap&rsquo;Com<\/strong>, rassemblera les acteurs cl\u00e9s de la communication publique les <strong>21 et 22 mai \u00e0 Paris<\/strong>, autour des d\u00e9fis et des innovations du m\u00e9tier.<\/p><p>Dans un contexte o\u00f9 les attentes des agents \u00e9voluent et o\u00f9 la transformation num\u00e9rique red\u00e9finit les pratiques, Jalios vous propose de d\u00e9couvrir comment une <strong>Digital Workplace moderne<\/strong> et un <strong>Intranet collaboratif<\/strong> peuvent r\u00e9pondre aux enjeux actuels de la communication interne.<\/p><p><strong>Venez nous rencontrer les 21 et 22 mai \u00e0 Paris<\/strong> et explorez nos outils pour moderniser vos pratiques, accro\u00eetre l\u2019efficacit\u00e9 de vos \u00e9quipes, et placer l\u2019innovation au c\u0153ur de votre strat\u00e9gie de communication interne.<\/p>\t\t\t\t\t\t\t\t<\/div>\n\t\t\t\t<\/div>\n\t\t\t\t<div class=\"elementor-element elementor-element-a8bc00e elementor-align-center elementor-widget elementor-widget-button\" data-id=\"a8bc00e\" data-element_type=\"widget\" data-e-type=\"widget\" data-widget_type=\"button.default\">\n\t\t\t\t<div class=\"elementor-widget-container\">\n\t\t\t\t\t\t\t\t\t<div class=\"elementor-button-wrapper\">\n\t\t\t\t\t<a class=\"elementor-button elementor-button-link elementor-size-sm\" href=\"https:\/\/www.cap-com.org\/rencontres-nationales-de-la-communication-interne-2025\" target=\"_blank\" rel=\"noopener\">\n\t\t\t\t\t\t<span class=\"elementor-button-content-wrapper\">\n\t\t\t\t\t\t\t\t\t<span class=\"elementor-button-text\">D\u00e9couvrez le programme <\/span>\n\t\t\t\t\t<\/span>\n\t\t\t\t\t<\/a>\n\t\t\t\t<\/div>\n\t\t\t\t\t\t\t\t<\/div>\n\t\t\t\t<\/div>\n\t\t\t\t<div class=\"elementor-element elementor-element-4602a4b4 elementor-widget elementor-widget-heading\" data-id=\"4602a4b4\" data-element_type=\"widget\" data-e-type=\"widget\" data-widget_type=\"heading.default\">\n\t\t\t\t<div class=\"elementor-widget-container\">\n\t\t\t\t\t<h2 class=\"elementor-heading-title elementor-size-default\">Optimisez votre communication interne avec Jalios Intranet<\/h2>\t\t\t\t<\/div>\n\t\t\t\t<\/div>\n\t\t\t\t<div class=\"elementor-element elementor-element-3a7353f9 elementor-widget elementor-widget-text-editor\" data-id=\"3a7353f9\" data-element_type=\"widget\" data-e-type=\"widget\" data-widget_type=\"text-editor.default\">\n\t\t\t\t<div class=\"elementor-widget-container\">\n\t\t\t\t\t\t\t\t\t<p>Une <strong><a href=\"https:\/\/www.jalios.com\/jcms\/mbu_20040688\/en\/communication-interne\">communication interne<\/a> <\/strong>efficace est essentielle pour renforcer l&rsquo;engagement des agents, fluidifier la diffusion d\u2019informations strat\u00e9giques et am\u00e9liorer la collaboration au sein des <a href=\"https:\/\/www.jalios.com\/jcms\/mbu_20040701\/en\/collectivites-territoriales\">collectivit\u00e9s<\/a>. Avec <a href=\"https:\/\/www.jalios.com\/fr\/produits\/intranet\/\">Jalios<\/a>, modernisez vos outils pour une <strong>communication plus fluide, engageante et adapt\u00e9e aux nouveaux usages num\u00e9riques.<\/strong><\/p><p>Gr\u00e2ce \u00e0 notre <a href=\"https:\/\/www.jalios.com\/jcms\/mbu_20040682\/en\/workplace\">Digital Workplace<\/a> et notre <a href=\"https:\/\/www.jalios.com\/jcms\/mbu_20040679\/en\/intranet\">Intranet collaboratif<\/a>, vous pouvez :<\/p><ul><li><strong>Centraliser l\u2019information<\/strong> et la rendre accessible en un clic, m\u00eame sur mobile<\/li><li>Casser les silos et favoriser la transversalit\u00e9 entre services<\/li><li>Faciliter la communication manag\u00e9riale avec des espaces d\u00e9di\u00e9s aux \u00e9changes et au partage de bonnes pratiques<\/li><li>Renforcer la culture d\u2019entreprise et la coh\u00e9sion des \u00e9quipes gr\u00e2ce \u00e0 des espaces de collaboration interactifs<\/li><li>Optimiser la <strong>gestion des connaissances<\/strong> et encourager la participation active des agents<\/li><\/ul><p>D\u00e9j\u00e0 adopt\u00e9es par de nombreuses collectivit\u00e9s, nos solutions permettent aux services publics de moderniser leur communication interne tout en s\u2019adaptant aux nouveaux d\u00e9fis organisationnels et num\u00e9riques.<\/p><p>Renforcez la coh\u00e9rence de vos messages et l&rsquo;engagement autour de vos projets strat\u00e9giques. Des collectivit\u00e9s comme <strong>la R\u00e9gion \u00cele-de-France et la Ville de Lyon<\/strong> l&rsquo;utilisent d\u00e9j\u00e0 pour optimiser leur communication interne et leur collaboration.<\/p>\t\t\t\t\t\t\t\t<\/div>\n\t\t\t\t<\/div>\n\t\t\t\t<div class=\"elementor-element elementor-element-34ce6712 elementor-align-center elementor-widget elementor-widget-button\" data-id=\"34ce6712\" data-element_type=\"widget\" data-e-type=\"widget\" data-widget_type=\"button.default\">\n\t\t\t\t<div class=\"elementor-widget-container\">\n\t\t\t\t\t\t\t\t\t<div class=\"elementor-button-wrapper\">\n\t\t\t\t\t<a class=\"elementor-button elementor-button-link elementor-size-sm\" href=\"https:\/\/meetings-eu1.hubspot.com\/sylvain-cadiot?utm_campaign=WP+-+JCOM&#038;utm_source=Menu&#038;utm_medium=Demo&#038;uuid=a55e2b63-5442-40ee-a08e-46995a154d2b\" target=\"_blank\" rel=\"noopener\">\n\t\t\t\t\t\t<span class=\"elementor-button-content-wrapper\">\n\t\t\t\t\t\t\t\t\t<span class=\"elementor-button-text\">Prendre rendez-vous<\/span>\n\t\t\t\t\t<\/span>\n\t\t\t\t\t<\/a>\n\t\t\t\t<\/div>\n\t\t\t\t\t\t\t\t<\/div>\n\t\t\t\t<\/div>\n\t\t\t\t<div class=\"elementor-element elementor-element-7ab59cd9 elementor-widget elementor-widget-heading\" data-id=\"7ab59cd9\" data-element_type=\"widget\" data-e-type=\"widget\" data-widget_type=\"heading.default\">\n\t\t\t\t<div class=\"elementor-widget-container\">\n\t\t\t\t\t<h2 class=\"elementor-heading-title elementor-size-default\">Informations pratiques<\/h2>\t\t\t\t<\/div>\n\t\t\t\t<\/div>\n\t\t\t\t<div class=\"elementor-element elementor-element-12475d22 elementor-widget elementor-widget-text-editor\" data-id=\"12475d22\" data-element_type=\"widget\" data-e-type=\"widget\" data-widget_type=\"text-editor.default\">\n\t\t\t\t<div class=\"elementor-widget-container\">\n\t\t\t\t\t\t\t\t\t<p><strong>Dates et Horaires\u00a0:<\/strong><\/p><ul><li>Mercredi 21 mai 2025 \u00e0 13h<\/li><li>Jeudi 22 mai 2025 jusqu\u2019\u00e0 17h \u00a0<\/li><\/ul><p><strong>Lieu\u00a0:<\/strong><\/p><ul><li>Marbrerie de Montreuil<\/li><li>21 rue Alexis Lep\u00e8re<\/li><li>93100 Montreuil<\/li><\/ul>\t\t\t\t\t\t\t\t<\/div>\n\t\t\t\t<\/div>\n\t\t\t\t<div class=\"elementor-element elementor-element-4f35adff elementor-widget elementor-widget-google_maps\" data-id=\"4f35adff\" data-element_type=\"widget\" data-e-type=\"widget\" data-widget_type=\"google_maps.default\">\n\t\t\t\t<div class=\"elementor-widget-container\">\n\t\t\t\t\t\t\t<div class=\"elementor-custom-embed\">\n\t\t\t<iframe loading=\"lazy\"\n\t\t\t\t\tsrc=\"https:\/\/maps.google.com\/maps?q=Dates%20et%20Horaires%20%3A%20%E2%80%A2%09Mercredi%2021%20mai%202025%20%C3%A0%2013h%20%20%E2%80%A2%09Jeudi%2022%20mai%202025%20jusqu%E2%80%99%C3%A0%2017h%20%20%20Lieu%20%3A%20%20%E2%80%A2%09Marbrerie%20de%20Montreuil%20%E2%80%A2%0921%20rue%20Alexis%20Lep%C3%A8re%2093100%20Montreuil&#038;t=m&#038;z=10&#038;output=embed&#038;iwloc=near\"\n\t\t\t\t\ttitle=\"Dates et Horaires : \u2022\tMercredi 21 mai 2025 \u00e0 13h  \u2022\tJeudi 22 mai 2025 jusqu\u2019\u00e0 17h   Lieu :  \u2022\tMarbrerie de Montreuil \u2022\t21 rue Alexis Lep\u00e8re 93100 Montreuil\"\n\t\t\t\t\taria-label=\"Dates et Horaires : \u2022\tMercredi 21 mai 2025 \u00e0 13h  \u2022\tJeudi 22 mai 2025 jusqu\u2019\u00e0 17h   Lieu :  \u2022\tMarbrerie de Montreuil \u2022\t21 rue Alexis Lep\u00e8re 93100 Montreuil\"\n\t\t\t><\/iframe>\n\t\t<\/div>\n\t\t\t\t\t\t<\/div>\n\t\t\t\t<\/div>\n\t\t\t\t<div class=\"elementor-element elementor-element-505735df elementor-align-center elementor-widget elementor-widget-button\" data-id=\"505735df\" data-element_type=\"widget\" data-e-type=\"widget\" data-widget_type=\"button.default\">\n\t\t\t\t<div class=\"elementor-widget-container\">\n\t\t\t\t\t\t\t\t\t<div class=\"elementor-button-wrapper\">\n\t\t\t\t\t<a class=\"elementor-button elementor-button-link elementor-size-sm\" href=\"https:\/\/www.cap-com.org\/inscription-une-formation?productCode=4075%20\" target=\"_blank\" rel=\"noopener\">\n\t\t\t\t\t\t<span class=\"elementor-button-content-wrapper\">\n\t\t\t\t\t\t\t\t\t<span class=\"elementor-button-text\">Je m'inscris<\/span>\n\t\t\t\t\t<\/span>\n\t\t\t\t\t<\/a>\n\t\t\t\t<\/div>\n\t\t\t\t\t\t\t\t<\/div>\n\t\t\t\t<\/div>\n\t\t\t\t\t<\/div>\n\t\t\t\t<\/div>\n\t\t\t\t<\/div>\n\t\t","protected":false},"excerpt":{"rendered":"<p>21 &#038; 22 mai 2025 \/ Paris<\/p>\n","protected":false},"author":9,"featured_media":24018,"comment_status":"closed","ping_status":"open","sticky":false,"template":"","format":"standard","meta":{"_acf_changed":false,"content-type":"","site-sidebar-layout":"default","site-content-layout":"","ast-site-content-layout":"default","site-content-style":"default","site-sidebar-style":"default","ast-global-header-display":"","ast-banner-title-visibility":"","ast-main-header-display":"","ast-hfb-above-header-display":"","ast-hfb-below-header-display":"","ast-hfb-mobile-header-display":"","site-post-title":"","ast-breadcrumbs-content":"","ast-featured-img":"","footer-sml-layout":"","ast-disable-related-posts":"","theme-transparent-header-meta":"","adv-header-id-meta":"","stick-header-meta":"","header-above-stick-meta":"","header-main-stick-meta":"","header-below-stick-meta":"","astra-migrate-meta-layouts":"set","ast-page-background-enabled":"default","ast-page-background-meta":{"desktop":{"background-color":"var(--ast-global-color-4)","background-image":"","background-repeat":"repeat","background-position":"center center","background-size":"auto","background-attachment":"scroll","background-type":"","background-media":"","overlay-type":"","overlay-color":"","overlay-opacity":"","overlay-gradient":""},"tablet":{"background-color":"","background-image":"","background-repeat":"repeat","background-position":"center center","background-size":"auto","background-attachment":"scroll","background-type":"","background-media":"","overlay-type":"","overlay-color":"","overlay-opacity":"","overlay-gradient":""},"mobile":{"background-color":"","background-image":"","background-repeat":"repeat","background-position":"center center","background-size":"auto","background-attachment":"scroll","background-type":"","background-media":"","overlay-type":"","overlay-color":"","overlay-opacity":"","overlay-gradient":""}},"ast-content-background-meta":{"desktop":{"background-color":"var(--ast-global-color-5)","background-image":"","background-repeat":"repeat","background-position":"center center","background-size":"auto","background-attachment":"scroll","background-type":"","background-media":"","overlay-type":"","overlay-color":"","overlay-opacity":"","overlay-gradient":""},"tablet":{"background-color":"var(--ast-global-color-5)","background-image":"","background-repeat":"repeat","background-position":"center center","background-size":"auto","background-attachment":"scroll","background-type":"","background-media":"","overlay-type":"","overlay-color":"","overlay-opacity":"","overlay-gradient":""},"mobile":{"background-color":"var(--ast-global-color-5)","background-image":"","background-repeat":"repeat","background-position":"center center","background-size":"auto","background-attachment":"scroll","background-type":"","background-media":"","overlay-type":"","overlay-color":"","overlay-opacity":"","overlay-gradient":""}},"footnotes":""},"categories":[61],"tags":[95],"class_list":["post-24017","post","type-post","status-publish","format-standard","has-post-thumbnail","hentry","category-events","tag-communication-interne"],"acf":[],"_links":{"self":[{"href":"https:\/\/www.jalios.com\/fr\/wp-json\/wp\/v2\/posts\/24017","targetHints":{"allow":["GET"]}}],"collection":[{"href":"https:\/\/www.jalios.com\/fr\/wp-json\/wp\/v2\/posts"}],"about":[{"href":"https:\/\/www.jalios.com\/fr\/wp-json\/wp\/v2\/types\/post"}],"author":[{"embeddable":true,"href":"https:\/\/www.jalios.com\/fr\/wp-json\/wp\/v2\/users\/9"}],"replies":[{"embeddable":true,"href":"https:\/\/www.jalios.com\/fr\/wp-json\/wp\/v2\/comments?post=24017"}],"version-history":[{"count":8,"href":"https:\/\/www.jalios.com\/fr\/wp-json\/wp\/v2\/posts\/24017\/revisions"}],"predecessor-version":[{"id":26028,"href":"https:\/\/www.jalios.com\/fr\/wp-json\/wp\/v2\/posts\/24017\/revisions\/26028"}],"wp:featuredmedia":[{"embeddable":true,"href":"https:\/\/www.jalios.com\/fr\/wp-json\/wp\/v2\/media\/24018"}],"wp:attachment":[{"href":"https:\/\/www.jalios.com\/fr\/wp-json\/wp\/v2\/media?parent=24017"}],"wp:term":[{"taxonomy":"category","embeddable":true,"href":"https:\/\/www.jalios.com\/fr\/wp-json\/wp\/v2\/categories?post=24017"},{"taxonomy":"post_tag","embeddable":true,"href":"https:\/\/www.jalios.com\/fr\/wp-json\/wp\/v2\/tags?post=24017"}],"curies":[{"name":"wp","href":"https:\/\/api.w.org\/{rel}","templated":true}]}}