{"id":23208,"date":"2025-02-12T15:12:06","date_gmt":"2025-02-12T14:12:06","guid":{"rendered":"https:\/\/www.jalios.com\/fr\/?p=23208"},"modified":"2025-07-11T14:43:53","modified_gmt":"2025-07-11T12:43:53","slug":"communique-de-presse-jalios-simplante-au-maroc","status":"publish","type":"post","link":"https:\/\/www.jalios.com\/fr\/presse\/communique-de-presse-jalios-simplante-au-maroc\/","title":{"rendered":"Communiqu\u00e9 de Presse &#8211; Jalios s\u2019implante au Maroc"},"content":{"rendered":"\t\t<div data-elementor-type=\"wp-post\" data-elementor-id=\"23208\" class=\"elementor elementor-23208\" data-elementor-post-type=\"post\">\n\t\t\t\t<div class=\"elementor-element elementor-element-34538aa6 e-flex e-con-boxed e-con e-parent\" data-id=\"34538aa6\" data-element_type=\"container\" data-e-type=\"container\">\n\t\t\t\t\t<div class=\"e-con-inner\">\n\t\t\t\t<div class=\"elementor-element elementor-element-3a855c45 elementor-widget elementor-widget-text-editor\" data-id=\"3a855c45\" data-element_type=\"widget\" data-e-type=\"widget\" data-widget_type=\"text-editor.default\">\n\t\t\t\t<div class=\"elementor-widget-container\">\n\t\t\t\t\t\t\t\t\t<p><em><strong>Communiqu\u00e9 de presse<\/strong>\u00a0&#8211;\u00a0<\/em>Le leader de l&rsquo;intranet et de la Digital Workplace, renforce sa pr\u00e9sence au Maroc en collaborant avec le Minist\u00e8re des Finances, s\u2019implante au Maroc et participe au GITEX Africa pour la deuxi\u00e8me ann\u00e9e cons\u00e9cutive<\/p><p><strong>Paris, le 15 mai 2024 \u2013\u00a0<\/strong>Le leader de l&rsquo;intranet et de la Digital Workplace, renforce sa pr\u00e9sence au Maroc en collaborant avec le Minist\u00e8re des Finances, s\u2019implante au Maroc et participe au GITEX Africa pour la deuxi\u00e8me ann\u00e9e cons\u00e9cutive<\/p>\t\t\t\t\t\t\t\t<\/div>\n\t\t\t\t<\/div>\n\t\t\t\t<div class=\"elementor-element elementor-element-1f8f53c7 elementor-widget elementor-widget-heading\" data-id=\"1f8f53c7\" data-element_type=\"widget\" data-e-type=\"widget\" data-widget_type=\"heading.default\">\n\t\t\t\t<div class=\"elementor-widget-container\">\n\t\t\t\t\t<h2 class=\"elementor-heading-title elementor-size-default\">Partenariat strat\u00e9gique : Jalios s\u2019implante au Maroc et motorise la plateforme collaborative du Minist\u00e8re des Finances du Maroc<\/h2>\t\t\t\t<\/div>\n\t\t\t\t<\/div>\n\t\t\t\t<div class=\"elementor-element elementor-element-76e8150f elementor-widget elementor-widget-text-editor\" data-id=\"76e8150f\" data-element_type=\"widget\" data-e-type=\"widget\" data-widget_type=\"text-editor.default\">\n\t\t\t\t<div class=\"elementor-widget-container\">\n\t\t\t\t\t\t\t\t\t<p>Jalios consolide sa pr\u00e9sence au Maroc via\u00a0<strong>l\u2019implantation de son repr\u00e9sentant exclusif dans la r\u00e9gion<\/strong>\u00a0: la soci\u00e9t\u00e9 SoftAdvice. Hamza Lahlou, son dirigeant, qui participe avec succ\u00e8s au d\u00e9veloppement de la soci\u00e9t\u00e9 Jalios depuis 6 ans, devient le r\u00e9pr\u00e9sentant de Jalios France sur le territoire et a pour ambition de\u00a0<strong>d\u00e9velopper la pr\u00e9sence de Jalios en Afrique et plus particuli\u00e8rement au Maroc.\u00a0<\/strong>Fort de son expertise sur la solution, Hamza Lahlou representera l\u2019engagement de Jalios \u00e0\u00a0<strong>d\u00e9velopper ses activit\u00e9s sur ce territoire\u00a0<\/strong>et \u00e0 fournir un\u00a0<strong>soutien personnalis\u00e9\u00a0<\/strong>\u00e0 ses clients et partenaires locaux.<\/p><p><strong>\u00a0<\/strong><\/p><p>Dans le cadre de son expansion, Jalios est fier d&rsquo;annoncer la signature d&rsquo;un important contrat avec le<strong>\u00a0Minist\u00e8re des Finances du Maroc<\/strong>. Ce partenariat strat\u00e9gique illustre la confiance accord\u00e9e \u00e0 Jalios pour fournir des solutions num\u00e9riques de pointe et\u00a0<strong>accompagner les institutions gouvernementales dans leur modernisation et leur efficacit\u00e9 op\u00e9rationnelle.<\/strong><\/p>\t\t\t\t\t\t\t\t<\/div>\n\t\t\t\t<\/div>\n\t\t\t\t<div class=\"elementor-element elementor-element-7be6d1b7 elementor-blockquote--skin-quotation elementor-widget elementor-widget-blockquote\" data-id=\"7be6d1b7\" data-element_type=\"widget\" data-e-type=\"widget\" data-widget_type=\"blockquote.default\">\n\t\t\t\t<div class=\"elementor-widget-container\">\n\t\t\t\t\t\t\t<blockquote class=\"elementor-blockquote\">\n\t\t\t<p class=\"elementor-blockquote__content\">\n\t\t\t\tNous sommes tr\u00e8s heureux de travailler avec Jalios \u00e9tant donn\u00e9 ses excellentes r\u00e9f\u00e9rences sur le territoire Africain comme le Minist\u00e8re de la D\u00e9fense Nationale du B\u00e9nin, la Banque Centrale Mon\u00e9taire de la Mauritanie et la Banque Centrale des \u00c9tats Africains de l\u2019Ouest. La plateforme collaborative innovante de Jalios va permettre \u00e0 notre Direction de mettre en place une v\u00e9ritable Digital Workplace qui va au-del\u00e0 d\u2019une simple plateforme technologique. C'est un v\u00e9ritable levier de transformation digitale qui va nous permettre d'optimiser nos processus, de renforcer la collaboration et de faciliter la communication\t\t\t<\/p>\n\t\t\t\t\t\t\t<div class=\"e-q-footer\">\n\t\t\t\t\t\t\t\t\t\t\t<cite class=\"elementor-blockquote__author\"> D\u00e9clare Meriem Zahir, Cheffe de service de gestion de l'information \u00e0 la direction du budget du minist\u00e8re de l'Economie et des Finances.<\/cite>\n\t\t\t\t\t\t\t\t\t\t\t\t\t\t<\/div>\n\t\t\t\t\t<\/blockquote>\n\t\t\t\t\t\t<\/div>\n\t\t\t\t<\/div>\n\t\t\t\t<div class=\"elementor-element elementor-element-2e7ea453 elementor-widget elementor-widget-text-editor\" data-id=\"2e7ea453\" data-element_type=\"widget\" data-e-type=\"widget\" data-widget_type=\"text-editor.default\">\n\t\t\t\t<div class=\"elementor-widget-container\">\n\t\t\t\t\t\t\t\t\t<p>En tant que partenaire technologique, Jalios est fier de pouvoir participer aux b\u00e9n\u00e9fices tangibles que cette nouvelle initiative apportera \u00e0 la Direction du budget et \u00e0 ses missions essentielles.<\/p>\t\t\t\t\t\t\t\t<\/div>\n\t\t\t\t<\/div>\n\t\t\t\t<div class=\"elementor-element elementor-element-120f2ed6 elementor-blockquote--skin-quotation elementor-widget elementor-widget-blockquote\" data-id=\"120f2ed6\" data-element_type=\"widget\" data-e-type=\"widget\" data-widget_type=\"blockquote.default\">\n\t\t\t\t<div class=\"elementor-widget-container\">\n\t\t\t\t\t\t\t<blockquote class=\"elementor-blockquote\">\n\t\t\t<p class=\"elementor-blockquote__content\">\n\t\t\t\tJe travaille avec la solution de Jalios depuis plusieurs ann\u00e9es et j\u2019ai pu constater sa richesse fonctionnelle et ce qu\u2019elle apporte \u00e0 ses clients. Jalios permet de nouvelles pratiques de travail, plus collaboratives, plus participatives, plus engageantes et ainsi plus efficaces. Je suis tr\u00e8s heureux de repr\u00e9senter commercialement Jalios au Maroc. Au-del\u00e0 de pouvoir b\u00e9n\u00e9ficier de solutions innovantes, les organisations vont pouvoir \u00e9galement se les approprier et coconstruire, gr\u00e2ce au fort potentiel de personnalisation de la solution, et la proximit\u00e9 qu\u2019entretient l\u2019\u00e9diteur avec ses clients, via ses partenaires locaux.\t\t\t<\/p>\n\t\t\t\t\t\t\t<div class=\"e-q-footer\">\n\t\t\t\t\t\t\t\t\t\t\t<cite class=\"elementor-blockquote__author\">indique Hamza Lahlou, Directeur de SoftAdvice, partenaire de Jalios au Maroc.   <\/cite>\n\t\t\t\t\t\t\t\t\t\t\t\t\t\t<\/div>\n\t\t\t\t\t<\/blockquote>\n\t\t\t\t\t\t<\/div>\n\t\t\t\t<\/div>\n\t\t\t\t<div class=\"elementor-element elementor-element-7ca6c5f0 elementor-widget elementor-widget-heading\" data-id=\"7ca6c5f0\" data-element_type=\"widget\" data-e-type=\"widget\" data-widget_type=\"heading.default\">\n\t\t\t\t<div class=\"elementor-widget-container\">\n\t\t\t\t\t<h2 class=\"elementor-heading-title elementor-size-default\">Pr\u00e9sence renouvel\u00e9e au GITEX Africa : Jalios expose pour la deuxi\u00e8me fois cons\u00e9cutive<\/h2>\t\t\t\t<\/div>\n\t\t\t\t<\/div>\n\t\t\t\t<div class=\"elementor-element elementor-element-ac87c6a elementor-blockquote--skin-quotation elementor-widget elementor-widget-blockquote\" data-id=\"ac87c6a\" data-element_type=\"widget\" data-e-type=\"widget\" data-widget_type=\"blockquote.default\">\n\t\t\t\t<div class=\"elementor-widget-container\">\n\t\t\t\t\t\t\t<blockquote class=\"elementor-blockquote\">\n\t\t\t<p class=\"elementor-blockquote__content\">\n\t\t\t\tJalios est pr\u00e9sent et se d\u00e9veloppe depuis plusieurs ann\u00e9es sur le march\u00e9 africain. Nous avons des affinit\u00e9s aussi bien humaines, avec des collaborateurs et des partenaires qui connaissent et comprennent tr\u00e8s bien la r\u00e9gion, mais \u00e9galement car nous partageons les enjeux forts de souverainet\u00e9 et d\u2019ind\u00e9pendance technologique. En participant \u00e0 GITEX Africa, nous voulons continuer \u00e0 d\u00e9velopper les synergies en ce sens.\t\t\t<\/p>\n\t\t\t\t\t\t\t<div class=\"e-q-footer\">\n\t\t\t\t\t\t\t\t\t\t\t<cite class=\"elementor-blockquote__author\">Pr\u00e9cise Jean-Fran\u00e7ois Pellier, Directeur commercial de Jalios.<\/cite>\n\t\t\t\t\t\t\t\t\t\t\t\t\t\t<\/div>\n\t\t\t\t\t<\/blockquote>\n\t\t\t\t\t\t<\/div>\n\t\t\t\t<\/div>\n\t\t\t\t<div class=\"elementor-element elementor-element-1ae4062f elementor-widget elementor-widget-text-editor\" data-id=\"1ae4062f\" data-element_type=\"widget\" data-e-type=\"widget\" data-widget_type=\"text-editor.default\">\n\t\t\t\t<div class=\"elementor-widget-container\">\n\t\t\t\t\t\t\t\t\t<p>Les \u00e9quipes de Jalios seront pr\u00e9sentes sur le stand 5-A3 pour rencontrer les participants et \u00e9changer sur les solutions de transformation num\u00e9rique offertes par Jalios Workplace.<strong>\u00a0La solution de Jalios r\u00e9pond aux besoins des organisations, de l\u2019intranet \u00e0 la Digital Workplace, en am\u00e9liorant l&rsquo;exp\u00e9rience collaborateur et en connectant chaque membre de l&rsquo;organisation,\u00a0<\/strong>o\u00f9 qu&rsquo;ils soient, pour travailler ensemble plus efficacement.<\/p><p>\u00a0<\/p><p>Cette ann\u00e9e, l\u2019\u00e9diteur fera un focus particulier dans ses d\u00e9monstrations sur ses avanc\u00e9es en termes d&rsquo;IA g\u00e9n\u00e9rative, ses impacts sur les pratiques quotidiennes des collaborateurs et comment elle am\u00e9liore la communication, la collaboration et la gestion des connaissances.<\/p><p>\u00a0<\/p>\t\t\t\t\t\t\t\t<\/div>\n\t\t\t\t<\/div>\n\t\t<div class=\"elementor-element elementor-element-ce7f513 e-con-full e-flex e-con e-child\" data-id=\"ce7f513\" data-element_type=\"container\" data-e-type=\"container\">\n\t\t\t\t<div class=\"elementor-element elementor-element-59b4809d elementor-widget elementor-widget-heading\" data-id=\"59b4809d\" data-element_type=\"widget\" data-e-type=\"widget\" data-widget_type=\"heading.default\">\n\t\t\t\t<div class=\"elementor-widget-container\">\n\t\t\t\t\t<h2 class=\"elementor-heading-title elementor-size-default\">A propos de Jalios<\/h2>\t\t\t\t<\/div>\n\t\t\t\t<\/div>\n\t\t\t\t<div class=\"elementor-element elementor-element-5f4e0c2a elementor-widget elementor-widget-text-editor\" data-id=\"5f4e0c2a\" data-element_type=\"widget\" data-e-type=\"widget\" data-widget_type=\"text-editor.default\">\n\t\t\t\t<div class=\"elementor-widget-container\">\n\t\t\t\t\t\t\t\t\t<p>Leader fran\u00e7ais depuis plus de 22 ans sur le march\u00e9 Cloud et On-Premise d&rsquo;Intranet et de Digital Workplace, Jalios a pour mission de rendre durablement les organisations plus efficaces et le travail de chacun plus \u00e9panouissant. Sa solution souveraine, Jalios Workplace, s\u2019adresse \u00e0 tous les collaborateurs, quels que soient leurs profils m\u00e9tiers, aussi bien au bureau, en t\u00e9l\u00e9travail que sur le terrain et en mobilit\u00e9.\u00a0 Elle cr\u00e9e du lien et fluidifie la collaboration en interne et avec les externes.<\/p><p><span style=\"font-style: inherit; font-weight: inherit; text-align: var(--text-align); background-color: var(--ast-global-color-5); color: var(--ast-global-color-3);\">Jalios Workplace se d\u00e9cline en 3 \u00e9ditions pr\u00eates \u00e0 l\u2019emploi pour fournir un environnement num\u00e9rique de travail complet, nativement collaboratif, ouvert et interop\u00e9rable (chat, visio, bureautique, GED, communaut\u00e9s, etc.) qui s\u2019int\u00e8gre au SI existant de ses clients. L\u2019\u00e9dition d\u00e9di\u00e9e \u00e0 Microsoft 365 et celle d\u00e9di\u00e9e \u00e0 Google optimisent et compl\u00e8tent l\u2019utilisation de ces suites. L\u2019\u00e9dition Liberty est une alternative souveraine.<\/span><\/p><p><span style=\"font-style: inherit; font-weight: inherit; text-align: var(--text-align); background-color: var(--ast-global-color-5); color: var(--ast-global-color-3);\">En unifiant communication, collaboration et gestion des connaissances, la solution donne aux collaborateurs, partenaires, clients, adh\u00e9rents, fournisseurs, les moyens de travailler ensemble efficacement. Modulaire, extensible et fortement personnalisable, la solution est ainsi utilis\u00e9e par ses clients non seulement pour leur Intranet social et mobile, Digital Workplace, mais \u00e9galement Extranet, R\u00e9seau social, plateforme collaborative, gestion des documents et de connaissances et Digital Learning.<\/span><\/p><p>Labellis\u00e9 Num\u00e9rique Responsable, Jalios r\u00e9unit aujourd\u2019hui pr\u00e8s de 90 collaborateurs curieux et passionn\u00e9s d\u2019innovation et s\u2019appuie sur un r\u00e9seau de partenaires reconnus pour accompagner pr\u00e8s de 500 clients, de la PME au grand compte, dans les secteurs public, priv\u00e9 et associatif, parmi lesquels : Caisse des D\u00e9p\u00f4ts, SFR Business, La Redoute, Syst\u00e8me U, le Minist\u00e8re du Travail, la Direction Interminist\u00e9rielle du num\u00e9rique, la MACIF, le Groupe Yves Rocher, de nombreuses PME, ETI, villes, d\u00e9partements et r\u00e9gions.<\/p><ul><li>Pour en savoir plus :\u00a0<a href=\"http:\/\/www.jalios.com\/?utm_source=jalios&amp;utm_medium=cp\">http:\/\/www.jalios.com<\/a>\u00a0et sur LinkedIn\u00a0<a href=\"https:\/\/www.linkedin.com\/company\/jalios\" target=\"_blank\" rel=\"noopener\">https:\/\/www.linkedin.com\/company\/jalios<\/a><u><\/u><\/li><li><u><\/u><u>Contact<\/u>\u00a0:<strong>\u00a0<\/strong>Aur\u00e9lia DOSTERT\u00a0<strong>\u2013\u00a0<\/strong>Responsable Relation Presse<br \/>communication[at]jalios.com<strong>\u00a0&#8211;\u00a0<\/strong>Tel\u00a0: 01 39 23 31 16<\/li><\/ul>\t\t\t\t\t\t\t\t<\/div>\n\t\t\t\t<\/div>\n\t\t\t\t<div class=\"elementor-element elementor-element-2ec22a0d elementor-align-center elementor-widget elementor-widget-button\" data-id=\"2ec22a0d\" data-element_type=\"widget\" data-e-type=\"widget\" data-widget_type=\"button.default\">\n\t\t\t\t<div class=\"elementor-widget-container\">\n\t\t\t\t\t\t\t\t\t<div class=\"elementor-button-wrapper\">\n\t\t\t\t\t<a class=\"elementor-button elementor-button-link elementor-size-sm\" href=\"https:\/\/www.jalios.com\/fr\/ressources\/presse\/\">\n\t\t\t\t\t\t<span class=\"elementor-button-content-wrapper\">\n\t\t\t\t\t\t\t\t\t<span class=\"elementor-button-text\">Voir plus de communiqu\u00e9s de presse<\/span>\n\t\t\t\t\t<\/span>\n\t\t\t\t\t<\/a>\n\t\t\t\t<\/div>\n\t\t\t\t\t\t\t\t<\/div>\n\t\t\t\t<\/div>\n\t\t\t\t<\/div>\n\t\t\t\t\t<\/div>\n\t\t\t\t<\/div>\n\t\t\t\t<\/div>\n\t\t","protected":false},"excerpt":{"rendered":"<p>Communiqu\u00e9 de presse\u00a0&#8211;\u00a0Le leader de l&rsquo;intranet et de la Digital Workplace, renforce sa pr\u00e9sence au Maroc en collaborant avec le Minist\u00e8re des Finances, s\u2019implante au Maroc et participe au GITEX Africa pour la deuxi\u00e8me ann\u00e9e cons\u00e9cutive Paris, le 15 mai 2024 \u2013\u00a0Le leader de l&rsquo;intranet et de la Digital Workplace, renforce sa pr\u00e9sence au Maroc [&hellip;]<\/p>\n","protected":false},"author":8,"featured_media":23209,"comment_status":"closed","ping_status":"open","sticky":false,"template":"","format":"standard","meta":{"_acf_changed":false,"content-type":"","site-sidebar-layout":"default","site-content-layout":"","ast-site-content-layout":"default","site-content-style":"default","site-sidebar-style":"default","ast-global-header-display":"","ast-banner-title-visibility":"","ast-main-header-display":"","ast-hfb-above-header-display":"","ast-hfb-below-header-display":"","ast-hfb-mobile-header-display":"","site-post-title":"","ast-breadcrumbs-content":"","ast-featured-img":"","footer-sml-layout":"","ast-disable-related-posts":"","theme-transparent-header-meta":"","adv-header-id-meta":"","stick-header-meta":"","header-above-stick-meta":"","header-main-stick-meta":"","header-below-stick-meta":"","astra-migrate-meta-layouts":"set","ast-page-background-enabled":"default","ast-page-background-meta":{"desktop":{"background-color":"var(--ast-global-color-4)","background-image":"","background-repeat":"repeat","background-position":"center center","background-size":"auto","background-attachment":"scroll","background-type":"","background-media":"","overlay-type":"","overlay-color":"","overlay-opacity":"","overlay-gradient":""},"tablet":{"background-color":"","background-image":"","background-repeat":"repeat","background-position":"center center","background-size":"auto","background-attachment":"scroll","background-type":"","background-media":"","overlay-type":"","overlay-color":"","overlay-opacity":"","overlay-gradient":""},"mobile":{"background-color":"","background-image":"","background-repeat":"repeat","background-position":"center center","background-size":"auto","background-attachment":"scroll","background-type":"","background-media":"","overlay-type":"","overlay-color":"","overlay-opacity":"","overlay-gradient":""}},"ast-content-background-meta":{"desktop":{"background-color":"var(--ast-global-color-5)","background-image":"","background-repeat":"repeat","background-position":"center center","background-size":"auto","background-attachment":"scroll","background-type":"","background-media":"","overlay-type":"","overlay-color":"","overlay-opacity":"","overlay-gradient":""},"tablet":{"background-color":"var(--ast-global-color-5)","background-image":"","background-repeat":"repeat","background-position":"center center","background-size":"auto","background-attachment":"scroll","background-type":"","background-media":"","overlay-type":"","overlay-color":"","overlay-opacity":"","overlay-gradient":""},"mobile":{"background-color":"var(--ast-global-color-5)","background-image":"","background-repeat":"repeat","background-position":"center center","background-size":"auto","background-attachment":"scroll","background-type":"","background-media":"","overlay-type":"","overlay-color":"","overlay-opacity":"","overlay-gradient":""}},"footnotes":""},"categories":[58,65],"tags":[107],"class_list":["post-23208","post","type-post","status-publish","format-standard","has-post-thumbnail","hentry","category-presse","category-top-presse","tag-maroc"],"acf":[],"_links":{"self":[{"href":"https:\/\/www.jalios.com\/fr\/wp-json\/wp\/v2\/posts\/23208","targetHints":{"allow":["GET"]}}],"collection":[{"href":"https:\/\/www.jalios.com\/fr\/wp-json\/wp\/v2\/posts"}],"about":[{"href":"https:\/\/www.jalios.com\/fr\/wp-json\/wp\/v2\/types\/post"}],"author":[{"embeddable":true,"href":"https:\/\/www.jalios.com\/fr\/wp-json\/wp\/v2\/users\/8"}],"replies":[{"embeddable":true,"href":"https:\/\/www.jalios.com\/fr\/wp-json\/wp\/v2\/comments?post=23208"}],"version-history":[{"count":4,"href":"https:\/\/www.jalios.com\/fr\/wp-json\/wp\/v2\/posts\/23208\/revisions"}],"predecessor-version":[{"id":23213,"href":"https:\/\/www.jalios.com\/fr\/wp-json\/wp\/v2\/posts\/23208\/revisions\/23213"}],"wp:featuredmedia":[{"embeddable":true,"href":"https:\/\/www.jalios.com\/fr\/wp-json\/wp\/v2\/media\/23209"}],"wp:attachment":[{"href":"https:\/\/www.jalios.com\/fr\/wp-json\/wp\/v2\/media?parent=23208"}],"wp:term":[{"taxonomy":"category","embeddable":true,"href":"https:\/\/www.jalios.com\/fr\/wp-json\/wp\/v2\/categories?post=23208"},{"taxonomy":"post_tag","embeddable":true,"href":"https:\/\/www.jalios.com\/fr\/wp-json\/wp\/v2\/tags?post=23208"}],"curies":[{"name":"wp","href":"https:\/\/api.w.org\/{rel}","templated":true}]}}