{"id":23026,"date":"2025-01-29T16:32:22","date_gmt":"2025-01-29T15:32:22","guid":{"rendered":"https:\/\/www.jalios.com\/fr\/?p=23026"},"modified":"2025-07-18T12:16:56","modified_gmt":"2025-07-18T10:16:56","slug":"jalios-au-gitex-africa-le-plus-grand-salon-tech-en-afrique","status":"publish","type":"post","link":"https:\/\/www.jalios.com\/fr\/events\/jalios-au-gitex-africa-le-plus-grand-salon-tech-en-afrique\/","title":{"rendered":"Jalios au GITEX Africa, le plus grand salon Tech en Afrique"},"content":{"rendered":"\t\t<div data-elementor-type=\"wp-post\" data-elementor-id=\"23026\" class=\"elementor elementor-23026\" data-elementor-post-type=\"post\">\n\t\t\t\t<div class=\"elementor-element elementor-element-3aa41e3b e-flex e-con-boxed e-con e-parent\" data-id=\"3aa41e3b\" data-element_type=\"container\" data-e-type=\"container\">\n\t\t\t\t\t<div class=\"e-con-inner\">\n\t\t\t\t<div class=\"elementor-element elementor-element-2d0e3716 elementor-widget elementor-widget-image\" data-id=\"2d0e3716\" data-element_type=\"widget\" data-e-type=\"widget\" data-widget_type=\"image.default\">\n\t\t\t\t<div class=\"elementor-widget-container\">\n\t\t\t\t\t\t\t\t\t\t\t\t\t\t\t<img fetchpriority=\"high\" decoding=\"async\" width=\"728\" height=\"90\" src=\"https:\/\/www.jalios.com\/fr\/wp-content\/uploads\/2025\/01\/web_banner_5a-3.jpg\" class=\"attachment-large size-large wp-image-23029\" alt=\"\" srcset=\"https:\/\/www.jalios.com\/fr\/wp-content\/uploads\/2025\/01\/web_banner_5a-3.jpg 728w, https:\/\/www.jalios.com\/fr\/wp-content\/uploads\/2025\/01\/web_banner_5a-3-300x37.jpg 300w\" sizes=\"(max-width: 728px) 100vw, 728px\">\t\t\t\t\t\t\t\t\t\t\t\t\t\t\t<\/div>\n\t\t\t\t<\/div>\n\t\t\t\t<div class=\"elementor-element elementor-element-7a2644c elementor-widget elementor-widget-text-editor\" data-id=\"7a2644c\" data-element_type=\"widget\" data-e-type=\"widget\" data-widget_type=\"text-editor.default\">\n\t\t\t\t<div class=\"elementor-widget-container\">\n\t\t\t\t\t\t\t\t\t<p>Jalios sera pr\u00e9sent pour la deuxi\u00e8me ann\u00e9e cons\u00e9cutive au<a href=\"https:\/\/gitexafrica.com\/home\" target=\"_blank\" rel=\"noopener\">\u00a0<\/a><strong><a href=\"https:\/\/gitexafrica.com\/home\" target=\"_blank\" rel=\"noopener\">GITEX Africa<\/a>, du 29 au 31 mai 2024, \u00e0 Marrakech<\/strong>.<\/p><p>Le GITEX Afrique regroupe tous les acteurs technologiques majeurs, tendances et verticaux et couvre des secteurs tels que les villes intelligentes, la cybers\u00e9curit\u00e9, l\u2019\u00e9conomie des donn\u00e9es, la mobilit\u00e9, la sant\u00e9 et les t\u00e9l\u00e9communications.<\/p><p>Il se concentre sur des discussions cruciales concernant l&rsquo;avancement num\u00e9rique de l&rsquo;Afrique et son cheminement vers un march\u00e9 num\u00e9rique unifi\u00e9 avec un programme de conf\u00e9rences complet.<\/p>\t\t\t\t\t\t\t\t<\/div>\n\t\t\t\t<\/div>\n\t\t\t\t<div class=\"elementor-element elementor-element-b1240ec elementor-widget elementor-widget-heading\" data-id=\"b1240ec\" data-element_type=\"widget\" data-e-type=\"widget\" data-widget_type=\"heading.default\">\n\t\t\t\t<div class=\"elementor-widget-container\">\n\t\t\t\t\t<h2 class=\"elementor-heading-title elementor-size-default\">Pour une transformation num\u00e9rique acc\u00e9l\u00e9r\u00e9e en Afrique, avec Jalios Workplace<\/h2>\t\t\t\t<\/div>\n\t\t\t\t<\/div>\n\t\t\t\t<div class=\"elementor-element elementor-element-7d198e25 elementor-widget elementor-widget-text-editor\" data-id=\"7d198e25\" data-element_type=\"widget\" data-e-type=\"widget\" data-widget_type=\"text-editor.default\">\n\t\t\t\t<div class=\"elementor-widget-container\">\n\t\t\t\t\t\t\t\t\t<p>Retrouvez-nous le\u00a0<strong>stand 5-A3<\/strong>\u00a0pour \u00e9changer avec les \u00e9quipes Jalios sur votre transformation num\u00e9rique.<\/p><p>La Digital Workplace Jalios, au-del\u00e0 d\u2019un simple Intranet permet d\u2019am\u00e9liorer l\u2019exp\u00e9rience collaborateur et connecte chaque membre de l\u2019organisation entre eux et o\u00f9 qu\u2019ils soient.<\/p><p>Au c\u0153ur de nos sujets \u00e9galement, d\u00e9couvrez ce que l&rsquo;IA g\u00e9n\u00e9rative peut apporter dans le quotidien des collaborateurs, ce que cela va changer dans leurs fa\u00e7ons de communiquer, de collaborer ou de g\u00e9rer les connaissances.<\/p><p>Parmi nos clients pr\u00e9sents sur le march\u00e9 Africain, des structures publics et priv\u00e9s comme le Minist\u00e8re de l\u2019\u00c9conomie et de la Finance du Maroc, le Minist\u00e8re de la D\u00e9fense Nationale du BenIn, la Banque Centrale Mon\u00e9taire de la Mauritanie et Banque Centrale des \u00c9tats africains de l\u2019ouest.<\/p><p><em>Collaborer de mani\u00e8re transverse et p\u00e9renne devient simple avec la Digital Workplace Jalios !<\/em><\/p>\t\t\t\t\t\t\t\t<\/div>\n\t\t\t\t<\/div>\n\t\t\t\t<div class=\"elementor-element elementor-element-7b9858d1 elementor-widget elementor-widget-heading\" data-id=\"7b9858d1\" data-element_type=\"widget\" data-e-type=\"widget\" data-widget_type=\"heading.default\">\n\t\t\t\t<div class=\"elementor-widget-container\">\n\t\t\t\t\t<h2 class=\"elementor-heading-title elementor-size-default\">Informations pratiques<\/h2>\t\t\t\t<\/div>\n\t\t\t\t<\/div>\n\t\t\t\t<div class=\"elementor-element elementor-element-62d81e14 elementor-widget elementor-widget-text-editor\" data-id=\"62d81e14\" data-element_type=\"widget\" data-e-type=\"widget\" data-widget_type=\"text-editor.default\">\n\t\t\t\t<div class=\"elementor-widget-container\">\n\t\t\t\t\t\t\t\t\t<ul class=\"list-styled-disc\"><li>Date\u00a0: Du 29 mai au 31 mai 2024<\/li><li>Lieu\u00a0: Palais des Congr\u00e8s \u2013 Centre des Expositions Marrakech, Maroc<\/li><li>Stand Hall 5 &#8211; 5A-3<\/li><\/ul>\t\t\t\t\t\t\t\t<\/div>\n\t\t\t\t<\/div>\n\t\t\t\t<div class=\"elementor-element elementor-element-6729533b elementor-widget elementor-widget-google_maps\" data-id=\"6729533b\" data-element_type=\"widget\" data-e-type=\"widget\" data-widget_type=\"google_maps.default\">\n\t\t\t\t<div class=\"elementor-widget-container\">\n\t\t\t\t\t\t\t<div class=\"elementor-custom-embed\">\n\t\t\t<iframe loading=\"lazy\"\n\t\t\t\t\tsrc=\"https:\/\/maps.google.com\/maps?q=Palais%20des%20Congr%C3%A8s%20%E2%80%93%20Centre%20des%20Expositions%20Marrakech%2C%20Maroc&#038;t=m&#038;z=10&#038;output=embed&#038;iwloc=near\"\n\t\t\t\t\ttitle=\"Palais des Congr\u00e8s \u2013 Centre des Expositions Marrakech, Maroc\"\n\t\t\t\t\taria-label=\"Palais des Congr\u00e8s \u2013 Centre des Expositions Marrakech, Maroc\"\n\t\t\t><\/iframe>\n\t\t<\/div>\n\t\t\t\t\t\t<\/div>\n\t\t\t\t<\/div>\n\t\t\t\t\t<\/div>\n\t\t\t\t<\/div>\n\t\t\t\t<\/div>\n\t\t","protected":false},"excerpt":{"rendered":"<p>29 &#8211; 31 mai 2024 \/ Marrakech, Maroc<\/p>\n","protected":false},"author":9,"featured_media":23027,"comment_status":"closed","ping_status":"open","sticky":false,"template":"","format":"standard","meta":{"_acf_changed":false,"content-type":"","site-sidebar-layout":"default","site-content-layout":"","ast-site-content-layout":"default","site-content-style":"default","site-sidebar-style":"default","ast-global-header-display":"","ast-banner-title-visibility":"","ast-main-header-display":"","ast-hfb-above-header-display":"","ast-hfb-below-header-display":"","ast-hfb-mobile-header-display":"","site-post-title":"","ast-breadcrumbs-content":"","ast-featured-img":"","footer-sml-layout":"","ast-disable-related-posts":"","theme-transparent-header-meta":"","adv-header-id-meta":"","stick-header-meta":"","header-above-stick-meta":"","header-main-stick-meta":"","header-below-stick-meta":"","astra-migrate-meta-layouts":"set","ast-page-background-enabled":"default","ast-page-background-meta":{"desktop":{"background-color":"var(--ast-global-color-4)","background-image":"","background-repeat":"repeat","background-position":"center center","background-size":"auto","background-attachment":"scroll","background-type":"","background-media":"","overlay-type":"","overlay-color":"","overlay-opacity":"","overlay-gradient":""},"tablet":{"background-color":"","background-image":"","background-repeat":"repeat","background-position":"center center","background-size":"auto","background-attachment":"scroll","background-type":"","background-media":"","overlay-type":"","overlay-color":"","overlay-opacity":"","overlay-gradient":""},"mobile":{"background-color":"","background-image":"","background-repeat":"repeat","background-position":"center center","background-size":"auto","background-attachment":"scroll","background-type":"","background-media":"","overlay-type":"","overlay-color":"","overlay-opacity":"","overlay-gradient":""}},"ast-content-background-meta":{"desktop":{"background-color":"var(--ast-global-color-5)","background-image":"","background-repeat":"repeat","background-position":"center center","background-size":"auto","background-attachment":"scroll","background-type":"","background-media":"","overlay-type":"","overlay-color":"","overlay-opacity":"","overlay-gradient":""},"tablet":{"background-color":"var(--ast-global-color-5)","background-image":"","background-repeat":"repeat","background-position":"center center","background-size":"auto","background-attachment":"scroll","background-type":"","background-media":"","overlay-type":"","overlay-color":"","overlay-opacity":"","overlay-gradient":""},"mobile":{"background-color":"var(--ast-global-color-5)","background-image":"","background-repeat":"repeat","background-position":"center center","background-size":"auto","background-attachment":"scroll","background-type":"","background-media":"","overlay-type":"","overlay-color":"","overlay-opacity":"","overlay-gradient":""}},"footnotes":""},"categories":[61],"tags":[129],"class_list":["post-23026","post","type-post","status-publish","format-standard","has-post-thumbnail","hentry","category-events","tag-afrique"],"acf":[],"_links":{"self":[{"href":"https:\/\/www.jalios.com\/fr\/wp-json\/wp\/v2\/posts\/23026","targetHints":{"allow":["GET"]}}],"collection":[{"href":"https:\/\/www.jalios.com\/fr\/wp-json\/wp\/v2\/posts"}],"about":[{"href":"https:\/\/www.jalios.com\/fr\/wp-json\/wp\/v2\/types\/post"}],"author":[{"embeddable":true,"href":"https:\/\/www.jalios.com\/fr\/wp-json\/wp\/v2\/users\/9"}],"replies":[{"embeddable":true,"href":"https:\/\/www.jalios.com\/fr\/wp-json\/wp\/v2\/comments?post=23026"}],"version-history":[{"count":7,"href":"https:\/\/www.jalios.com\/fr\/wp-json\/wp\/v2\/posts\/23026\/revisions"}],"predecessor-version":[{"id":23099,"href":"https:\/\/www.jalios.com\/fr\/wp-json\/wp\/v2\/posts\/23026\/revisions\/23099"}],"wp:featuredmedia":[{"embeddable":true,"href":"https:\/\/www.jalios.com\/fr\/wp-json\/wp\/v2\/media\/23027"}],"wp:attachment":[{"href":"https:\/\/www.jalios.com\/fr\/wp-json\/wp\/v2\/media?parent=23026"}],"wp:term":[{"taxonomy":"category","embeddable":true,"href":"https:\/\/www.jalios.com\/fr\/wp-json\/wp\/v2\/categories?post=23026"},{"taxonomy":"post_tag","embeddable":true,"href":"https:\/\/www.jalios.com\/fr\/wp-json\/wp\/v2\/tags?post=23026"}],"curies":[{"name":"wp","href":"https:\/\/api.w.org\/{rel}","templated":true}]}}