{"id":22771,"date":"2025-01-29T12:19:47","date_gmt":"2025-01-29T11:19:47","guid":{"rendered":"https:\/\/www.jalios.com\/fr\/?p=22771"},"modified":"2025-07-07T11:55:54","modified_gmt":"2025-07-07T09:55:54","slug":"jalios-au-greentech-forum-2024-vers-un-numerique-toujours-plus-responsable","status":"publish","type":"post","link":"https:\/\/www.jalios.com\/fr\/blog\/jalios-au-greentech-forum-2024-vers-un-numerique-toujours-plus-responsable\/","title":{"rendered":"Jalios au Greentech Forum 2024 : Vers un num\u00e9rique toujours plus responsable"},"content":{"rendered":"\t\t<div data-elementor-type=\"wp-post\" data-elementor-id=\"22771\" class=\"elementor elementor-22771\" data-elementor-post-type=\"post\">\n\t\t\t\t<div class=\"elementor-element elementor-element-58e2b496 e-flex e-con-boxed e-con e-parent\" data-id=\"58e2b496\" data-element_type=\"container\" data-e-type=\"container\">\n\t\t\t\t\t<div class=\"e-con-inner\">\n\t\t\t\t<div class=\"elementor-element elementor-element-71d5f0d elementor-widget elementor-widget-text-editor\" data-id=\"71d5f0d\" data-element_type=\"widget\" data-e-type=\"widget\" data-widget_type=\"text-editor.default\">\n\t\t\t\t<div class=\"elementor-widget-container\">\n\t\t\t\t\t\t\t\t\t<p>Pour la troisi\u00e8me ann\u00e9e cons\u00e9cutive, Jalios \u00e9tait les 5 et 6 novembre 2024 au rendez-vous incontournable des acteurs du num\u00e9rique durable\u00a0: le Greentech Forum.<\/p><p>Retour sur l\u2019\u00e9v\u00e9nement avec Hoang-Anh Phan, Directrice Marketing, RSE &amp; Transformation chez Jalios et Franck Coutureau, Consultant support technique et r\u00e9f\u00e9rent Num\u00e9rique Responsable chez Jalios. Avec un focus sur l\u2019atelier de retour d\u2019exp\u00e9rience de Michel Roux, Directeur Adjoint au Service Num\u00e9rique du D\u00e9partement de la Loire-Atlantique, concernant l\u2019audit RGESN de leur site web, men\u00e9 conjointement avec le D\u00e9partement, Jalios et Oc\u00e9ane Puech, co-fondatrice de Greenscale et membre du CA de Boavizta.<\/p>\t\t\t\t\t\t\t\t<\/div>\n\t\t\t\t<\/div>\n\t\t\t\t<div class=\"elementor-element elementor-element-d4f015b elementor-widget elementor-widget-heading\" data-id=\"d4f015b\" data-element_type=\"widget\" data-e-type=\"widget\" data-widget_type=\"heading.default\">\n\t\t\t\t<div class=\"elementor-widget-container\">\n\t\t\t\t\t<h2 class=\"elementor-heading-title elementor-size-default\">Pourquoi Jalios continue-t-il de s'engager au Greentech Forum ?<\/h2>\t\t\t\t<\/div>\n\t\t\t\t<\/div>\n\t\t\t\t<div class=\"elementor-element elementor-element-29914fe9 elementor-widget elementor-widget-text-editor\" data-id=\"29914fe9\" data-element_type=\"widget\" data-e-type=\"widget\" data-widget_type=\"text-editor.default\">\n\t\t\t\t<div class=\"elementor-widget-container\">\n\t\t\t\t\t\t\t\t\t<p>Le Greentech Forum est bien plus qu\u2019un simple \u00e9v\u00e9nement pour nous : c\u2019est une plateforme de r\u00e9flexion et d\u2019innovation autour du num\u00e9rique durable. Depuis trois ans, notre pr\u00e9sence refl\u00e8te notre volont\u00e9 de contribuer activement \u00e0 la transition \u00e9cologique du secteur.<\/p><p>Chaque \u00e9dition est l\u2019occasion de partager nos avanc\u00e9es, d\u2019apprendre de nos pairs et de renforcer nos engagements. Nous mettons un point d\u2019honneur \u00e0 int\u00e9grer ces apprentissages dans notre strat\u00e9gie, que ce soit pour optimiser nos logiciels, r\u00e9duire leur empreinte environnementale ou co-construire des solutions avec nos partenaires.<\/p><p>Jalios s&rsquo;engage activement dans le num\u00e9rique responsable depuis 2020, ax\u00e9 sur des pratiques \u00e9thiques et durables, et a obtenu le\u00a0<strong>Label Num\u00e9rique Responsable de niveau 2 en 2022<\/strong>.<\/p>\t\t\t\t\t\t\t\t<\/div>\n\t\t\t\t<\/div>\n\t\t\t\t<div class=\"elementor-element elementor-element-4c9718c1 elementor-align-center elementor-widget elementor-widget-button\" data-id=\"4c9718c1\" data-element_type=\"widget\" data-e-type=\"widget\" data-widget_type=\"button.default\">\n\t\t\t\t<div class=\"elementor-widget-container\">\n\t\t\t\t\t\t\t\t\t<div class=\"elementor-button-wrapper\">\n\t\t\t\t\t<a class=\"elementor-button elementor-button-link elementor-size-sm\" href=\"https:\/\/infos.jalios.com\/rapport-nr-2023\" target=\"_blank\" rel=\"noopener\">\n\t\t\t\t\t\t<span class=\"elementor-button-content-wrapper\">\n\t\t\t\t\t\t<span class=\"elementor-button-icon\">\n\t\t\t\t<svg aria-hidden=\"true\" class=\"e-font-icon-svg e-fas-file-download\" viewBox=\"0 0 384 512\" xmlns=\"http:\/\/www.w3.org\/2000\/svg\"><path d=\"M224 136V0H24C10.7 0 0 10.7 0 24v464c0 13.3 10.7 24 24 24h336c13.3 0 24-10.7 24-24V160H248c-13.2 0-24-10.8-24-24zm76.45 211.36l-96.42 95.7c-6.65 6.61-17.39 6.61-24.04 0l-96.42-95.7C73.42 337.29 80.54 320 94.82 320H160v-80c0-8.84 7.16-16 16-16h32c8.84 0 16 7.16 16 16v80h65.18c14.28 0 21.4 17.29 11.27 27.36zM377 105L279.1 7c-4.5-4.5-10.6-7-17-7H256v128h128v-6.1c0-6.3-2.5-12.4-7-16.9z\"><\/path><\/svg>\t\t\t<\/span>\n\t\t\t\t\t\t\t\t\t<span class=\"elementor-button-text\">T\u00e9l\u00e9chargez le rapport Num\u00e9rique Responsable Jalios<\/span>\n\t\t\t\t\t<\/span>\n\t\t\t\t\t<\/a>\n\t\t\t\t<\/div>\n\t\t\t\t\t\t\t\t<\/div>\n\t\t\t\t<\/div>\n\t\t\t\t<div class=\"elementor-element elementor-element-64a456ca elementor-widget elementor-widget-heading\" data-id=\"64a456ca\" data-element_type=\"widget\" data-e-type=\"widget\" data-widget_type=\"heading.default\">\n\t\t\t\t<div class=\"elementor-widget-container\">\n\t\t\t\t\t<h2 class=\"elementor-heading-title elementor-size-default\">Quels sont les principaux enseignements tir\u00e9s de cette \u00e9dition ?<\/h2>\t\t\t\t<\/div>\n\t\t\t\t<\/div>\n\t\t\t\t<div class=\"elementor-element elementor-element-f4b1614 elementor-widget elementor-widget-text-editor\" data-id=\"f4b1614\" data-element_type=\"widget\" data-e-type=\"widget\" data-widget_type=\"text-editor.default\">\n\t\t\t\t<div class=\"elementor-widget-container\">\n\t\t\t\t\t\t\t\t\t<p>Cette ann\u00e9e a mis en lumi\u00e8re des priorit\u00e9s claires : \u00e9coconception, sobri\u00e9t\u00e9 num\u00e9rique et collaboration entre acteurs. Ces enjeux, au c\u0153ur de notre d\u00e9marche, ont \u00e9t\u00e9 enrichis par les discussions avec des experts et des partenaires.<\/p><p>Un point marquant : la place croissante des outils innovants comme l\u2019IA pour accompagner cette transformation. Si elle est utilis\u00e9e de fa\u00e7on responsable, l\u2019IA peut aider \u00e0 analyser, optimiser et r\u00e9duire les impacts environnementaux des infrastructures num\u00e9riques.<\/p><p>L\u2019IA, et notamment l<strong>\u2019IA g\u00e9n\u00e9rative<\/strong>, devient un levier central de cette d\u00e9marche. Nous explorons comment elle peut simplifier les processus tout en limitant l\u2019impact \u00e9nerg\u00e9tique. Mais comme le rappelle la tribune de Hoang-Anh Phan, Directrice de la Transformation chez Jalios, il est crucial de d\u00e9velopper une gouvernance responsable pour ma\u00eetriser son usage.<\/p>\t\t\t\t\t\t\t\t<\/div>\n\t\t\t\t<\/div>\n\t\t\t\t<div class=\"elementor-element elementor-element-f413a4d elementor-align-center elementor-widget elementor-widget-button\" data-id=\"f413a4d\" data-element_type=\"widget\" data-e-type=\"widget\" data-widget_type=\"button.default\">\n\t\t\t\t<div class=\"elementor-widget-container\">\n\t\t\t\t\t\t\t\t\t<div class=\"elementor-button-wrapper\">\n\t\t\t\t\t<a class=\"elementor-button elementor-button-link elementor-size-sm\" href=\"https:\/\/itsocial.fr\/intelligence-artificielle\/intelligence-artificielle-tribunes\/ia-generative-subir-le-changement-ou-devenir-responsable\/\" target=\"_blank\" rel=\"noopener\">\n\t\t\t\t\t\t<span class=\"elementor-button-content-wrapper\">\n\t\t\t\t\t\t\t\t\t<span class=\"elementor-button-text\">D\u00e9couvrez la tribune IA et Num\u00e9rique Responsable<\/span>\n\t\t\t\t\t<\/span>\n\t\t\t\t\t<\/a>\n\t\t\t\t<\/div>\n\t\t\t\t\t\t\t\t<\/div>\n\t\t\t\t<\/div>\n\t\t\t\t<div class=\"elementor-element elementor-element-52e4385e elementor-widget elementor-widget-heading\" data-id=\"52e4385e\" data-element_type=\"widget\" data-e-type=\"widget\" data-widget_type=\"heading.default\">\n\t\t\t\t<div class=\"elementor-widget-container\">\n\t\t\t\t\t<h2 class=\"elementor-heading-title elementor-size-default\">Les clients vous sollicitent-ils sur le num\u00e9rique responsable ?<\/h2>\t\t\t\t<\/div>\n\t\t\t\t<\/div>\n\t\t\t\t<div class=\"elementor-element elementor-element-7b3ca5b4 elementor-widget elementor-widget-text-editor\" data-id=\"7b3ca5b4\" data-element_type=\"widget\" data-e-type=\"widget\" data-widget_type=\"text-editor.default\">\n\t\t\t\t<div class=\"elementor-widget-container\">\n\t\t\t\t\t\t\t\t\t<p>Absolument. Leurs attentes \u00e9voluent, et ils nous sollicitent pour int\u00e9grer des pratiques plus durables dans leurs projets. Nous r\u00e9pondons par une approche concr\u00e8te :<\/p><ul><li>Solutions \u00e9co-con\u00e7ues, comme\u00a0<strong>Jalios Workplace Liberty<\/strong>, not\u00e9e 72\/100 en sobri\u00e9t\u00e9 par Greenspector.<\/li><li>Outils et ressources pour promouvoir les pratiques responsables, comme des catalogues de bonnes pratiques et des d\u00e9fis ludiques.<\/li><li>Accompagnement personnalis\u00e9 pour r\u00e9duire l\u2019empreinte environnementale de leurs Digital Workplaces.<\/li><\/ul><p>Avec plus de 500 organisations clientes et plus de 2.3M d\u2019utilisateurs, nous essayons de sensibiliser chacun \u00e0 ces enjeux pour int\u00e9grer progressivement le num\u00e9rique responsable dans leur quotidien.<\/p><p>Par ailleurs, en s\u2019engageant dans une d\u00e9marche num\u00e9rique responsable,\u00a0Jalios\u00a0a mis en place des pratiques d\u2019\u00e9coconception dans le d\u00e9veloppement de ses solutions, inspir\u00e9es du\u00a0<a href=\"https:\/\/ecoresponsable.numerique.gouv.fr\/publications\/referentiel-general-ecoconception\/\" target=\"_blank\" rel=\"noopener\">RGESN publi\u00e9 par la DINUM<\/a>.\u00a0Jalios\u00a0Workplace Liberty a ainsi obtenu\u00a0<strong>un\u00a0score de sobri\u00e9t\u00e9<\/strong>\u00a0de 72\/100 par\u00a0Greenspector.<\/p>\t\t\t\t\t\t\t\t<\/div>\n\t\t\t\t<\/div>\n\t\t\t\t<div class=\"elementor-element elementor-element-9642acd elementor-widget elementor-widget-heading\" data-id=\"9642acd\" data-element_type=\"widget\" data-e-type=\"widget\" data-widget_type=\"heading.default\">\n\t\t\t\t<div class=\"elementor-widget-container\">\n\t\t\t\t\t<h2 class=\"elementor-heading-title elementor-size-default\">Quels sont les prochains d\u00e9fis pour Jalios en mati\u00e8re de num\u00e9rique responsable ?<\/h2>\t\t\t\t<\/div>\n\t\t\t\t<\/div>\n\t\t\t\t<div class=\"elementor-element elementor-element-e17047d elementor-widget elementor-widget-text-editor\" data-id=\"e17047d\" data-element_type=\"widget\" data-e-type=\"widget\" data-widget_type=\"text-editor.default\">\n\t\t\t\t<div class=\"elementor-widget-container\">\n\t\t\t\t\t\t\t\t\t<p>Apr\u00e8s ce forum, nous continuons d\u2019innover pour continuer d\u2019\u00e9voluer vers des solutions toujours plus responsables.<\/p><p>Nos priorit\u00e9s incluent :<\/p><ul><li><strong>Am\u00e9liorer en continu nos solutions<\/strong>\u00a0pour minimiser leur impact environnemental : \u00e9co-conception, respect des normes RGESN et RGAA<\/li><li><strong>Accro\u00eetre notre accompagnement client<\/strong>\u00a0pour les aider \u00e0 franchir chaque \u00e9tape de leur transformation num\u00e9rique responsable, en continuons de co-construire avec nos clients et nos partenaires.<\/li><li><strong>Explorer les opportunit\u00e9s offertes par l\u2019IA<\/strong>, en veillant \u00e0 ce qu\u2019elle soit utilis\u00e9e de mani\u00e8re \u00e9thique et au service d\u2019une transition durable.<\/li><\/ul><p>Nous croyons fermement qu\u2019un num\u00e9rique plus respectueux de l\u2019environnement est possible, \u00e0 condition de placer la responsabilit\u00e9 au c\u0153ur de chaque initiative.<\/p><p><strong>Ensemble, avan\u00e7ons vers un num\u00e9rique durable.<\/strong><\/p>\t\t\t\t\t\t\t\t<\/div>\n\t\t\t\t<\/div>\n\t\t<div class=\"elementor-element elementor-element-c6b41db e-grid e-con-full e-con e-child\" data-id=\"c6b41db\" data-element_type=\"container\" data-e-type=\"container\" data-settings=\"{&quot;background_background&quot;:&quot;classic&quot;}\">\n\t\t<div class=\"elementor-element elementor-element-6444054 e-con-full e-flex e-con e-child\" data-id=\"6444054\" data-element_type=\"container\" data-e-type=\"container\">\n\t\t\t\t<div class=\"elementor-element elementor-element-4b175bd elementor-widget elementor-widget-image\" data-id=\"4b175bd\" data-element_type=\"widget\" data-e-type=\"widget\" data-widget_type=\"image.default\">\n\t\t\t\t<div class=\"elementor-widget-container\">\n\t\t\t\t\t\t\t\t\t\t\t\t\t\t\t\t<a href=\"https:\/\/infos.jalios.com\/fr\/livre-blanc-numerique-responsable-jalios\" target=\"_blank\" rel=\"noopener\">\n\t\t\t\t\t\t\t<img fetchpriority=\"high\" decoding=\"async\" width=\"428\" height=\"575\" src=\"https:\/\/www.jalios.com\/fr\/wp-content\/uploads\/2024\/08\/smartmockups_lb3knnpc.png\" class=\"elementor-animation-bob attachment-large size-large wp-image-8279\" alt=\"\" srcset=\"https:\/\/www.jalios.com\/fr\/wp-content\/uploads\/2024\/08\/smartmockups_lb3knnpc.png 428w, https:\/\/www.jalios.com\/fr\/wp-content\/uploads\/2024\/08\/smartmockups_lb3knnpc-223x300.png 223w\" sizes=\"(max-width: 428px) 100vw, 428px\">\t\t\t\t\t\t\t\t<\/a>\n\t\t\t\t\t\t\t\t\t\t\t\t\t\t\t<\/div>\n\t\t\t\t<\/div>\n\t\t\t\t<\/div>\n\t\t<div class=\"elementor-element elementor-element-2a05bc0 e-con-full e-flex e-con e-child\" data-id=\"2a05bc0\" data-element_type=\"container\" data-e-type=\"container\">\n\t\t\t\t<div class=\"elementor-element elementor-element-ed33511 elementor-widget elementor-widget-heading\" data-id=\"ed33511\" data-element_type=\"widget\" data-e-type=\"widget\" data-widget_type=\"heading.default\">\n\t\t\t\t<div class=\"elementor-widget-container\">\n\t\t\t\t\t<p class=\"elementor-heading-title elementor-size-default\">Livre blanc<\/p>\t\t\t\t<\/div>\n\t\t\t\t<\/div>\n\t\t\t\t<div class=\"elementor-element elementor-element-6333bb4 elementor-widget elementor-widget-heading\" data-id=\"6333bb4\" data-element_type=\"widget\" data-e-type=\"widget\" data-widget_type=\"heading.default\">\n\t\t\t\t<div class=\"elementor-widget-container\">\n\t\t\t\t\t<h3 class=\"elementor-heading-title elementor-size-default\">Le Num\u00e9rique Responsable et sa d\u00e9clinaison vers la Digital Workplace<\/h3>\t\t\t\t<\/div>\n\t\t\t\t<\/div>\n\t\t\t\t<div class=\"elementor-element elementor-element-589ebba elementor-widget elementor-widget-text-editor\" data-id=\"589ebba\" data-element_type=\"widget\" data-e-type=\"widget\" data-widget_type=\"text-editor.default\">\n\t\t\t\t<div class=\"elementor-widget-container\">\n\t\t\t\t\t\t\t\t\t<p>Comment combiner performance professionnelle, technologies collaboratives et respect de l\u2019environnement ?<\/p><p>Et quels sont les leviers pour int\u00e9grer l\u2019\u00e9co-responsabilit\u00e9 dans ses usages num\u00e9riques et sa Digital Workplace\u00a0 ?\u00a0<\/p><p>Les r\u00e9ponses et les r\u00e9sultats de l&rsquo;\u00e9tude conduite par Markess by exaegis sur 75 d\u00e9cideurs dans ce Livre Blanc.<\/p>\t\t\t\t\t\t\t\t<\/div>\n\t\t\t\t<\/div>\n\t\t\t\t<div class=\"elementor-element elementor-element-2fde202 elementor-align-left elementor-widget elementor-widget-button\" data-id=\"2fde202\" data-element_type=\"widget\" data-e-type=\"widget\" data-widget_type=\"button.default\">\n\t\t\t\t<div class=\"elementor-widget-container\">\n\t\t\t\t\t\t\t\t\t<div class=\"elementor-button-wrapper\">\n\t\t\t\t\t<a class=\"elementor-button elementor-button-link elementor-size-sm\" href=\"https:\/\/infos.jalios.com\/fr\/livre-blanc-numerique-responsable-jalios\" target=\"_blank\" rel=\"noopener\">\n\t\t\t\t\t\t<span class=\"elementor-button-content-wrapper\">\n\t\t\t\t\t\t<span class=\"elementor-button-icon\">\n\t\t\t\t<svg aria-hidden=\"true\" class=\"e-font-icon-svg e-fas-file-download\" viewBox=\"0 0 384 512\" xmlns=\"http:\/\/www.w3.org\/2000\/svg\"><path d=\"M224 136V0H24C10.7 0 0 10.7 0 24v464c0 13.3 10.7 24 24 24h336c13.3 0 24-10.7 24-24V160H248c-13.2 0-24-10.8-24-24zm76.45 211.36l-96.42 95.7c-6.65 6.61-17.39 6.61-24.04 0l-96.42-95.7C73.42 337.29 80.54 320 94.82 320H160v-80c0-8.84 7.16-16 16-16h32c8.84 0 16 7.16 16 16v80h65.18c14.28 0 21.4 17.29 11.27 27.36zM377 105L279.1 7c-4.5-4.5-10.6-7-17-7H256v128h128v-6.1c0-6.3-2.5-12.4-7-16.9z\"><\/path><\/svg>\t\t\t<\/span>\n\t\t\t\t\t\t\t\t\t<span class=\"elementor-button-text\">T\u00e9l\u00e9charger<\/span>\n\t\t\t\t\t<\/span>\n\t\t\t\t\t<\/a>\n\t\t\t\t<\/div>\n\t\t\t\t\t\t\t\t<\/div>\n\t\t\t\t<\/div>\n\t\t\t\t<\/div>\n\t\t\t\t<\/div>\n\t\t\t\t\t<\/div>\n\t\t\t\t<\/div>\n\t\t\t\t<\/div>\n\t\t","protected":false},"excerpt":{"rendered":"<p>Pour la troisi\u00e8me ann\u00e9e cons\u00e9cutive, Jalios \u00e9tait les 5 et 6 novembre 2024 au rendez-vous incontournable des acteurs du num\u00e9rique durable\u00a0: le Greentech Forum. Retour sur l\u2019\u00e9v\u00e9nement avec Hoang-Anh Phan, Directrice Marketing, RSE &amp; Transformation chez Jalios et Franck Coutureau, Consultant support technique et r\u00e9f\u00e9rent Num\u00e9rique Responsable chez Jalios. Avec un focus sur l\u2019atelier de [&hellip;]<\/p>\n","protected":false},"author":2,"featured_media":22772,"comment_status":"closed","ping_status":"open","sticky":false,"template":"","format":"standard","meta":{"_acf_changed":false,"content-type":"","site-sidebar-layout":"default","site-content-layout":"","ast-site-content-layout":"default","site-content-style":"default","site-sidebar-style":"default","ast-global-header-display":"","ast-banner-title-visibility":"","ast-main-header-display":"","ast-hfb-above-header-display":"","ast-hfb-below-header-display":"","ast-hfb-mobile-header-display":"","site-post-title":"","ast-breadcrumbs-content":"","ast-featured-img":"","footer-sml-layout":"","ast-disable-related-posts":"","theme-transparent-header-meta":"","adv-header-id-meta":"","stick-header-meta":"","header-above-stick-meta":"","header-main-stick-meta":"","header-below-stick-meta":"","astra-migrate-meta-layouts":"set","ast-page-background-enabled":"default","ast-page-background-meta":{"desktop":{"background-color":"var(--ast-global-color-4)","background-image":"","background-repeat":"repeat","background-position":"center center","background-size":"auto","background-attachment":"scroll","background-type":"","background-media":"","overlay-type":"","overlay-color":"","overlay-opacity":"","overlay-gradient":""},"tablet":{"background-color":"","background-image":"","background-repeat":"repeat","background-position":"center center","background-size":"auto","background-attachment":"scroll","background-type":"","background-media":"","overlay-type":"","overlay-color":"","overlay-opacity":"","overlay-gradient":""},"mobile":{"background-color":"","background-image":"","background-repeat":"repeat","background-position":"center center","background-size":"auto","background-attachment":"scroll","background-type":"","background-media":"","overlay-type":"","overlay-color":"","overlay-opacity":"","overlay-gradient":""}},"ast-content-background-meta":{"desktop":{"background-color":"var(--ast-global-color-5)","background-image":"","background-repeat":"repeat","background-position":"center center","background-size":"auto","background-attachment":"scroll","background-type":"","background-media":"","overlay-type":"","overlay-color":"","overlay-opacity":"","overlay-gradient":""},"tablet":{"background-color":"var(--ast-global-color-5)","background-image":"","background-repeat":"repeat","background-position":"center center","background-size":"auto","background-attachment":"scroll","background-type":"","background-media":"","overlay-type":"","overlay-color":"","overlay-opacity":"","overlay-gradient":""},"mobile":{"background-color":"var(--ast-global-color-5)","background-image":"","background-repeat":"repeat","background-position":"center center","background-size":"auto","background-attachment":"scroll","background-type":"","background-media":"","overlay-type":"","overlay-color":"","overlay-opacity":"","overlay-gradient":""}},"footnotes":""},"categories":[51,84],"tags":[98],"class_list":["post-22771","post","type-post","status-publish","format-standard","has-post-thumbnail","hentry","category-blog","category-post-events","tag-numerique-responsable"],"acf":[],"_links":{"self":[{"href":"https:\/\/www.jalios.com\/fr\/wp-json\/wp\/v2\/posts\/22771","targetHints":{"allow":["GET"]}}],"collection":[{"href":"https:\/\/www.jalios.com\/fr\/wp-json\/wp\/v2\/posts"}],"about":[{"href":"https:\/\/www.jalios.com\/fr\/wp-json\/wp\/v2\/types\/post"}],"author":[{"embeddable":true,"href":"https:\/\/www.jalios.com\/fr\/wp-json\/wp\/v2\/users\/2"}],"replies":[{"embeddable":true,"href":"https:\/\/www.jalios.com\/fr\/wp-json\/wp\/v2\/comments?post=22771"}],"version-history":[{"count":7,"href":"https:\/\/www.jalios.com\/fr\/wp-json\/wp\/v2\/posts\/22771\/revisions"}],"predecessor-version":[{"id":22803,"href":"https:\/\/www.jalios.com\/fr\/wp-json\/wp\/v2\/posts\/22771\/revisions\/22803"}],"wp:featuredmedia":[{"embeddable":true,"href":"https:\/\/www.jalios.com\/fr\/wp-json\/wp\/v2\/media\/22772"}],"wp:attachment":[{"href":"https:\/\/www.jalios.com\/fr\/wp-json\/wp\/v2\/media?parent=22771"}],"wp:term":[{"taxonomy":"category","embeddable":true,"href":"https:\/\/www.jalios.com\/fr\/wp-json\/wp\/v2\/categories?post=22771"},{"taxonomy":"post_tag","embeddable":true,"href":"https:\/\/www.jalios.com\/fr\/wp-json\/wp\/v2\/tags?post=22771"}],"curies":[{"name":"wp","href":"https:\/\/api.w.org\/{rel}","templated":true}]}}