{"id":22735,"date":"2025-01-29T11:59:53","date_gmt":"2025-01-29T10:59:53","guid":{"rendered":"https:\/\/www.jalios.com\/fr\/?p=22735"},"modified":"2025-07-18T12:33:06","modified_gmt":"2025-07-18T10:33:06","slug":"jalios-partenaire-des-assises-nationales-des-collectivites-numeriques","status":"publish","type":"post","link":"https:\/\/www.jalios.com\/fr\/events\/jalios-partenaire-des-assises-nationales-des-collectivites-numeriques\/","title":{"rendered":"Jalios partenaire des Assises Nationales des Collectivit\u00e9s Num\u00e9riques"},"content":{"rendered":"\t\t<div data-elementor-type=\"wp-post\" data-elementor-id=\"22735\" class=\"elementor elementor-22735\" data-elementor-post-type=\"post\">\n\t\t\t\t<div class=\"elementor-element elementor-element-2304dfa3 e-flex e-con-boxed e-con e-parent\" data-id=\"2304dfa3\" data-element_type=\"container\" data-e-type=\"container\">\n\t\t\t\t\t<div class=\"e-con-inner\">\n\t\t\t\t<div class=\"elementor-element elementor-element-27891eda elementor-widget elementor-widget-image\" data-id=\"27891eda\" data-element_type=\"widget\" data-e-type=\"widget\" data-widget_type=\"image.default\">\n\t\t\t\t<div class=\"elementor-widget-container\">\n\t\t\t\t\t\t\t\t\t\t\t\t\t\t\t<img fetchpriority=\"high\" decoding=\"async\" width=\"650\" height=\"100\" src=\"https:\/\/www.jalios.com\/fr\/wp-content\/uploads\/2025\/01\/Assises-FR.png\" class=\"attachment-large size-large wp-image-22740\" alt=\"\" srcset=\"https:\/\/www.jalios.com\/fr\/wp-content\/uploads\/2025\/01\/Assises-FR.png 650w, https:\/\/www.jalios.com\/fr\/wp-content\/uploads\/2025\/01\/Assises-FR-300x46.png 300w\" sizes=\"(max-width: 650px) 100vw, 650px\">\t\t\t\t\t\t\t\t\t\t\t\t\t\t\t<\/div>\n\t\t\t\t<\/div>\n\t\t\t\t<div class=\"elementor-element elementor-element-7857948e elementor-widget elementor-widget-text-editor\" data-id=\"7857948e\" data-element_type=\"widget\" data-e-type=\"widget\" data-widget_type=\"text-editor.default\">\n\t\t\t\t<div class=\"elementor-widget-container\">\n\t\t\t\t\t\t\t\t\t<p>Rejoignez Jalios \u00e0 la premi\u00e8re \u00e9dition\u00a0<strong>des\u00a0<\/strong><a href=\"https:\/\/www.assisesnationales-collectivitesnumeriques.fr\/\" target=\"_blank\" rel=\"noopener\"><strong>Assises Nationales des collectivit\u00e9s num\u00e9riques<\/strong><\/a>, une occasion unique pour co-construire des solutions num\u00e9riques adapt\u00e9es \u00e0 vos besoins sp\u00e9cifiques dans un monde en pleine transformation num\u00e9rique.<\/p><p>Cet \u00e9v\u00e9nement incontournable r\u00e9unit les acteurs majeurs du num\u00e9rique et les d\u00e9cideurs des collectivit\u00e9s territoriales pour \u00e9changer, d\u00e9battre et construire ensemble l\u2019avenir des territoires connect\u00e9s.<\/p><p>Cette \u00e9dition mettra en lumi\u00e8re les\u00a0<strong>nouvelles dynamiques de transformation num\u00e9rique<\/strong>, les innovations au service des citoyens, et les strat\u00e9gies pour renforcer l&rsquo;attractivit\u00e9 et la r\u00e9silience des territoires.<\/p>\t\t\t\t\t\t\t\t<\/div>\n\t\t\t\t<\/div>\n\t\t\t\t<div class=\"elementor-element elementor-element-1b934a9 elementor-align-center elementor-widget elementor-widget-button\" data-id=\"1b934a9\" data-element_type=\"widget\" data-e-type=\"widget\" data-widget_type=\"button.default\">\n\t\t\t\t<div class=\"elementor-widget-container\">\n\t\t\t\t\t\t\t\t\t<div class=\"elementor-button-wrapper\">\n\t\t\t\t\t<a class=\"elementor-button elementor-button-link elementor-size-sm\" href=\"https:\/\/www.assisesnationales-collectivitesnumeriques.fr\/programmedelajournee\" target=\"_blank\" rel=\"noopener\">\n\t\t\t\t\t\t<span class=\"elementor-button-content-wrapper\">\n\t\t\t\t\t\t\t\t\t<span class=\"elementor-button-text\">D\u00e9couvrez le programme<\/span>\n\t\t\t\t\t<\/span>\n\t\t\t\t\t<\/a>\n\t\t\t\t<\/div>\n\t\t\t\t\t\t\t\t<\/div>\n\t\t\t\t<\/div>\n\t\t\t\t<div class=\"elementor-element elementor-element-6279a32f elementor-widget elementor-widget-heading\" data-id=\"6279a32f\" data-element_type=\"widget\" data-e-type=\"widget\" data-widget_type=\"heading.default\">\n\t\t\t\t<div class=\"elementor-widget-container\">\n\t\t\t\t\t<h2 class=\"elementor-heading-title elementor-size-default\">Vers une transformation num\u00e9rique intelligente des territoires<\/h2>\t\t\t\t<\/div>\n\t\t\t\t<\/div>\n\t\t\t\t<div class=\"elementor-element elementor-element-20954ec0 elementor-widget elementor-widget-text-editor\" data-id=\"20954ec0\" data-element_type=\"widget\" data-e-type=\"widget\" data-widget_type=\"text-editor.default\">\n\t\t\t\t<div class=\"elementor-widget-container\">\n\t\t\t\t\t\t\t\t\t<p><a href=\"https:\/\/www.jalios.com\/fr\/solutions\/secteurs\/collectivites-territoriales\/\">Jalios s&rsquo;engage activement aux c\u00f4t\u00e9s des collectivit\u00e9s territoriales<\/a>\u00a0pour\u00a0<strong>moderniser leurs environnements de travail num\u00e9riques,<\/strong>\u00a0r\u00e9pondant aux sp\u00e9cificit\u00e9s et aux d\u00e9fis du secteur public.\u00a0<strong>Ce sont plus de 60 collectivit\u00e9s, parmi lesquelles la R\u00e9gion Centre-Val de Loire, la R\u00e9gion Nouvelle Aquitaine, et le Conseil D\u00e9partemental de Charente-Maritime, qui ont choisi Jalios pour leurs plateformes collaboratives (Intranet, Digital Workplace, etc.).<\/strong>\u00a0En optimisant l\u2019efficacit\u00e9 des agents publics et en fluidifiant la communication, Jalios accompagne leur transformation num\u00e9rique, facilit\u00e9e par des outils d\u2019intelligence artificielle. L\u2019IA am\u00e9liore les recherches, personnalise les contenus et renforce la r\u00e9activit\u00e9 des services publics pour un service toujours plus performant et innovant.<\/p><p><strong>Rendez-vous le 5 d\u00e9cembre au Palais des Congr\u00e8s du parc du Futuroscope \u00e0 Poitiers\u00a0<\/strong>pour une journ\u00e9e d\u2019\u00e9changes enrichissants et de partage des meilleures pratiques num\u00e9riques pour les collectivit\u00e9s.<\/p>\t\t\t\t\t\t\t\t<\/div>\n\t\t\t\t<\/div>\n\t\t\t\t<div class=\"elementor-element elementor-element-6678353f elementor-align-center elementor-widget elementor-widget-button\" data-id=\"6678353f\" data-element_type=\"widget\" data-e-type=\"widget\" data-widget_type=\"button.default\">\n\t\t\t\t<div class=\"elementor-widget-container\">\n\t\t\t\t\t\t\t\t\t<div class=\"elementor-button-wrapper\">\n\t\t\t\t\t<a class=\"elementor-button elementor-button-link elementor-size-sm\" href=\"https:\/\/meetings-eu1.hubspot.com\/sylvain-cadiot?utm_source=JCOM&#038;utm_medium=event&#038;utm_campaign=Assisesnum\" target=\"_blank\" rel=\"noopener\">\n\t\t\t\t\t\t<span class=\"elementor-button-content-wrapper\">\n\t\t\t\t\t\t\t\t\t<span class=\"elementor-button-text\">Prendre rendez-vous avec les \u00e9quipes Jalios<\/span>\n\t\t\t\t\t<\/span>\n\t\t\t\t\t<\/a>\n\t\t\t\t<\/div>\n\t\t\t\t\t\t\t\t<\/div>\n\t\t\t\t<\/div>\n\t\t\t\t<div class=\"elementor-element elementor-element-7cee9814 elementor-widget elementor-widget-heading\" data-id=\"7cee9814\" data-element_type=\"widget\" data-e-type=\"widget\" data-widget_type=\"heading.default\">\n\t\t\t\t<div class=\"elementor-widget-container\">\n\t\t\t\t\t<h2 class=\"elementor-heading-title elementor-size-default\">Informations pratiques<\/h2>\t\t\t\t<\/div>\n\t\t\t\t<\/div>\n\t\t\t\t<div class=\"elementor-element elementor-element-1b8fa20b elementor-widget elementor-widget-text-editor\" data-id=\"1b8fa20b\" data-element_type=\"widget\" data-e-type=\"widget\" data-widget_type=\"text-editor.default\">\n\t\t\t\t<div class=\"elementor-widget-container\">\n\t\t\t\t\t\t\t\t\t<p><strong>Date\u00a0<\/strong>: Jeudi 5 d\u00e9cembre 2024<\/p><p><strong>Horaire\u00a0<\/strong>: 8h \u2013 19h<\/p><p><strong>Lieu\u00a0<\/strong>: Palais des Congr\u00e8s du Futuroscope<\/p><p>Venez \u00e0 la rencontre de nos \u00e9quipes pour d\u00e9couvrir comment la Digital Workplace Jalios am\u00e9liore l\u2019efficacit\u00e9, la transversalit\u00e9 et l\u2019intelligence collective au sein de l\u2019\u00e9cosyst\u00e8me de la collectivit\u00e9 territoriale\u00a0!<\/p>\t\t\t\t\t\t\t\t<\/div>\n\t\t\t\t<\/div>\n\t\t\t\t<div class=\"elementor-element elementor-element-4f5fff86 elementor-widget elementor-widget-google_maps\" data-id=\"4f5fff86\" data-element_type=\"widget\" data-e-type=\"widget\" data-widget_type=\"google_maps.default\">\n\t\t\t\t<div class=\"elementor-widget-container\">\n\t\t\t\t\t\t\t<div class=\"elementor-custom-embed\">\n\t\t\t<iframe loading=\"lazy\"\n\t\t\t\t\tsrc=\"https:\/\/maps.google.com\/maps?q=Palais%20des%20Congr%C3%A8s%20du%20Futuroscope&#038;t=m&#038;z=10&#038;output=embed&#038;iwloc=near\"\n\t\t\t\t\ttitle=\"Palais des Congr\u00e8s du Futuroscope\"\n\t\t\t\t\taria-label=\"Palais des Congr\u00e8s du Futuroscope\"\n\t\t\t><\/iframe>\n\t\t<\/div>\n\t\t\t\t\t\t<\/div>\n\t\t\t\t<\/div>\n\t\t\t\t\t<\/div>\n\t\t\t\t<\/div>\n\t\t\t\t<\/div>\n\t\t","protected":false},"excerpt":{"rendered":"<p>5 d\u00e9cembre 2024 \/ Palais des Congr\u00e8s du Futuroscope<\/p>\n","protected":false},"author":9,"featured_media":22741,"comment_status":"closed","ping_status":"open","sticky":false,"template":"","format":"standard","meta":{"_acf_changed":false,"content-type":"","site-sidebar-layout":"default","site-content-layout":"","ast-site-content-layout":"default","site-content-style":"default","site-sidebar-style":"default","ast-global-header-display":"","ast-banner-title-visibility":"","ast-main-header-display":"","ast-hfb-above-header-display":"","ast-hfb-below-header-display":"","ast-hfb-mobile-header-display":"","site-post-title":"","ast-breadcrumbs-content":"","ast-featured-img":"","footer-sml-layout":"","ast-disable-related-posts":"","theme-transparent-header-meta":"","adv-header-id-meta":"","stick-header-meta":"","header-above-stick-meta":"","header-main-stick-meta":"","header-below-stick-meta":"","astra-migrate-meta-layouts":"set","ast-page-background-enabled":"default","ast-page-background-meta":{"desktop":{"background-color":"var(--ast-global-color-4)","background-image":"","background-repeat":"repeat","background-position":"center center","background-size":"auto","background-attachment":"scroll","background-type":"","background-media":"","overlay-type":"","overlay-color":"","overlay-opacity":"","overlay-gradient":""},"tablet":{"background-color":"","background-image":"","background-repeat":"repeat","background-position":"center center","background-size":"auto","background-attachment":"scroll","background-type":"","background-media":"","overlay-type":"","overlay-color":"","overlay-opacity":"","overlay-gradient":""},"mobile":{"background-color":"","background-image":"","background-repeat":"repeat","background-position":"center center","background-size":"auto","background-attachment":"scroll","background-type":"","background-media":"","overlay-type":"","overlay-color":"","overlay-opacity":"","overlay-gradient":""}},"ast-content-background-meta":{"desktop":{"background-color":"var(--ast-global-color-5)","background-image":"","background-repeat":"repeat","background-position":"center center","background-size":"auto","background-attachment":"scroll","background-type":"","background-media":"","overlay-type":"","overlay-color":"","overlay-opacity":"","overlay-gradient":""},"tablet":{"background-color":"var(--ast-global-color-5)","background-image":"","background-repeat":"repeat","background-position":"center center","background-size":"auto","background-attachment":"scroll","background-type":"","background-media":"","overlay-type":"","overlay-color":"","overlay-opacity":"","overlay-gradient":""},"mobile":{"background-color":"var(--ast-global-color-5)","background-image":"","background-repeat":"repeat","background-position":"center center","background-size":"auto","background-attachment":"scroll","background-type":"","background-media":"","overlay-type":"","overlay-color":"","overlay-opacity":"","overlay-gradient":""}},"footnotes":""},"categories":[61],"tags":[126],"class_list":["post-22735","post","type-post","status-publish","format-standard","has-post-thumbnail","hentry","category-events","tag-collectivites-territoriales"],"acf":[],"_links":{"self":[{"href":"https:\/\/www.jalios.com\/fr\/wp-json\/wp\/v2\/posts\/22735","targetHints":{"allow":["GET"]}}],"collection":[{"href":"https:\/\/www.jalios.com\/fr\/wp-json\/wp\/v2\/posts"}],"about":[{"href":"https:\/\/www.jalios.com\/fr\/wp-json\/wp\/v2\/types\/post"}],"author":[{"embeddable":true,"href":"https:\/\/www.jalios.com\/fr\/wp-json\/wp\/v2\/users\/9"}],"replies":[{"embeddable":true,"href":"https:\/\/www.jalios.com\/fr\/wp-json\/wp\/v2\/comments?post=22735"}],"version-history":[{"count":14,"href":"https:\/\/www.jalios.com\/fr\/wp-json\/wp\/v2\/posts\/22735\/revisions"}],"predecessor-version":[{"id":23114,"href":"https:\/\/www.jalios.com\/fr\/wp-json\/wp\/v2\/posts\/22735\/revisions\/23114"}],"wp:featuredmedia":[{"embeddable":true,"href":"https:\/\/www.jalios.com\/fr\/wp-json\/wp\/v2\/media\/22741"}],"wp:attachment":[{"href":"https:\/\/www.jalios.com\/fr\/wp-json\/wp\/v2\/media?parent=22735"}],"wp:term":[{"taxonomy":"category","embeddable":true,"href":"https:\/\/www.jalios.com\/fr\/wp-json\/wp\/v2\/categories?post=22735"},{"taxonomy":"post_tag","embeddable":true,"href":"https:\/\/www.jalios.com\/fr\/wp-json\/wp\/v2\/tags?post=22735"}],"curies":[{"name":"wp","href":"https:\/\/api.w.org\/{rel}","templated":true}]}}